{"id":9652,"date":"2017-12-21T02:30:53","date_gmt":"2017-12-21T01:30:53","guid":{"rendered":"https:\/\/www.simons-world.at\/rtw\/?p=9652"},"modified":"2018-06-05T16:41:35","modified_gmt":"2018-06-05T15:41:35","slug":"6-monate-in-panama-ein-paar-gedanken","status":"publish","type":"post","link":"https:\/\/www.simons-world.at\/rtw\/6-monate-in-panama-ein-paar-gedanken\/","title":{"rendered":"6 Monate in Panama: Ein paar Gedanken"},"content":{"rendered":"<p>Mehr als ein halbes Jahr ist es nun her, seit ich meine Koffer gepackt und mich aus \u00d6sterreich verabschiedet habe. H\u00f6chste Zeit ein wenig dar\u00fcber nachzudenken. War es denn die richtige Entscheidung oder habe ich langsam schon die Nase voll? L\u00e4uft alles den Erwartungen entsprechend oder werde ich eher bald wieder zur\u00fcck nach Hause wollen?<\/p>\n<p>Tja, was soll ich sagen. Wie finde ich Panama in einem Wort? Absolut und einfach nur: Geil! Und diese Worte schreibe ich hier im Dezember 2017, w\u00e4hrend ich barfu\u00df und in kurzen Hosen in der H\u00e4ngematte liege und die Aussicht auf die umliegenden Berge genie\u00dfe. Ja, Vorteile hat das Leben in Panama auf jeden Fall so einige. Genauso wie Nachteile, aber jede Medaille hat bekanntlich zwei Seiten.<\/p>\n<p>Der Start alleine in einem fremden Land am anderen Ende der Welt, war gemeinsam mit Sven, Lisa und Louis auch recht einfach muss ich sagen. Nat\u00fcrlich gab es dabei H\u00f6hen und Tiefen und ganz sicher auch Momente, wo wir uns w\u00fcnschten, lieber alleine oder ganz wo anders zu sein. Das geh\u00f6rt aber alles mit dazu denke ich. Vor einiger Zeit hatte mir jemand die Frage gestellt, ob ich mich denn schon gut eingelebt h\u00e4tte. Ja, ich w\u00fcrde sagen die Panamesen und auch die Deutschen haben sich mittlerweile recht gut an mich gew\u00f6hnt.<\/p>\n<p><a href=\"https:\/\/www.simons-world.at\/rtw\/wp-content\/uploads\/2017\/12\/IMG_20171007_122852454_HDR.jpg\"><img loading=\"lazy\" decoding=\"async\" class=\"aligncenter size-large wp-image-9656\" src=\"https:\/\/www.simons-world.at\/rtw\/wp-content\/uploads\/2017\/12\/IMG_20171007_122852454_HDR-720x410.jpg\" alt=\"\" width=\"720\" height=\"410\" srcset=\"https:\/\/www.simons-world.at\/rtw\/wp-content\/uploads\/2017\/12\/IMG_20171007_122852454_HDR-720x410.jpg 720w, https:\/\/www.simons-world.at\/rtw\/wp-content\/uploads\/2017\/12\/IMG_20171007_122852454_HDR-300x171.jpg 300w, https:\/\/www.simons-world.at\/rtw\/wp-content\/uploads\/2017\/12\/IMG_20171007_122852454_HDR-768x438.jpg 768w, https:\/\/www.simons-world.at\/rtw\/wp-content\/uploads\/2017\/12\/IMG_20171007_122852454_HDR-520x296.jpg 520w\" sizes=\"auto, (max-width: 720px) 100vw, 720px\" \/><\/a><\/p>\n<p>Die Orientierung in Panama fiel uns bisher ganz leicht, auch wenn es nicht immer den Anschein macht. Es ist oft sehr schwierig die richtigen Anlaufstellen zu finden oder \u00fcberhaupt mal zu wissen, wo und womit man anfangen soll. Wie soll oder kann man Menschen finden, denen man vertrauen kann? Die einem wirklich helfen? Wollen und k\u00f6nnen! Nicht nur ein paar Dollar abstauben? Tja, das ist wohl in jedem Land der Welt schwer zu beantworten.<\/p>\n<p>Den ein oder anderen Missgriff haben wir sicher gemacht, doch habe ich das Gef\u00fchl, dass wir uns durchaus mit ein paar Leuten umgeben, die es gut mit uns meinen. Aber es sind nicht nur die Menschen, sondern auch der Markt an sich, der uns total unbekannt ist. Hier in Santa Fe liegt das durchschnittliche Pro-Kopf-Einkommen bei rund 150 Dollar im Monat. Da sind die Anforderungen an Lebensmittel, Werkzeuge, Baumaterialien und Dienstleistungen nat\u00fcrlich komplett anders als in Mitteleuropa.<\/p>\n<p>Ein tolles Beispiel ist der Gebrauchtwarenmarkt in Panama. Seien es nun Pickups oder Winkelschleifer, an Wert verlieren die Sachen hier nur langsam. M\u00fcll gibt es eigentlich nicht, denn alles kann und wird noch irgendwie verwendet oder verwertet. Nicht zuletzt ist auch die Herangehensweise an die verschiedenen Dinge oft anders, als man es eigentlich erwarten w\u00fcrde. Improvisation ist hier Normalit\u00e4t, fahrl\u00e4ssige Zweckentfremdung genauso. Hauptsache es funktioniert irgendwie, wenn auch nicht besonders gut oder besonders lange.<\/p>\n<p><a href=\"https:\/\/www.simons-world.at\/rtw\/wp-content\/uploads\/2017\/12\/IMG_20170921_093735833.jpg\"><img loading=\"lazy\" decoding=\"async\" class=\"aligncenter size-large wp-image-9655\" src=\"https:\/\/www.simons-world.at\/rtw\/wp-content\/uploads\/2017\/12\/IMG_20170921_093735833-720x407.jpg\" alt=\"\" width=\"720\" height=\"407\" srcset=\"https:\/\/www.simons-world.at\/rtw\/wp-content\/uploads\/2017\/12\/IMG_20170921_093735833-720x407.jpg 720w, https:\/\/www.simons-world.at\/rtw\/wp-content\/uploads\/2017\/12\/IMG_20170921_093735833-300x170.jpg 300w, https:\/\/www.simons-world.at\/rtw\/wp-content\/uploads\/2017\/12\/IMG_20170921_093735833-768x434.jpg 768w, https:\/\/www.simons-world.at\/rtw\/wp-content\/uploads\/2017\/12\/IMG_20170921_093735833-520x294.jpg 520w\" sizes=\"auto, (max-width: 720px) 100vw, 720px\" \/><\/a><\/p>\n<p>Die kulturellen Unterschiede sind tendenziell eher gering. Im Alltag gibt es trotzdem viele Stolperfallen. Kurzum: Alles ist anders. Irgendwie einleuchtend, oder? Anders kann aber viel sein. Anders schlecht? Anders gut? Ich w\u00fcrde sagen es ist gut. \u00dcberwiegend. So von au\u00dfen betrachtet. Denn um \u00fcberhaupt mal in der Lage zu sein, Teil der panamaischen Gesellschaft zu werden, muss als erstes Mal die Sprache sitzen.<\/p>\n<p>Im spanischen Alltag komme ich mittlerweile gut zurecht. Es sind halt die Alltagssituationen, die ich mit meinen Sprachkenntnissen abdecken kann. Um \u00fcberhaupt mal andere Zeiten als die Gegenwart zu lernen, hatte ich bisher aber recht wenig Motivation. Eine nette Spanischlehrerein habe ich bis jetzt halt auch noch nicht gefunden. Ich denke n\u00e4chstes Jahr sollte daf\u00fcr mehr Zeit da sein.<\/p>\n<p>Meinen Lebensunterhalt verdiene ich derzeit mit durchschnittlich 30 Minuten Arbeit am Tag. \u00dcber das Internet betreue ich n\u00e4mlich diverse Kunden im IT-Bereich. Mehr zu arbeiten w\u00e4re sicher m\u00f6glich, doch eigentlich nicht notwendig. Also Arbeit f\u00fcr Geld. Arbeiten auf und f\u00fcr die Finca tue ich wesentlich mehr, doch dabei schaffe ich ja etwas f\u00fcr mich. Und hoffentlich etwas Bleibendes, das mir in Zukunft noch viel zur\u00fcckgeben wird.<\/p>\n<p><a href=\"https:\/\/www.simons-world.at\/rtw\/wp-content\/uploads\/2017\/12\/IMG_20170909_110619670.jpg\"><img loading=\"lazy\" decoding=\"async\" class=\"aligncenter size-large wp-image-9654\" src=\"https:\/\/www.simons-world.at\/rtw\/wp-content\/uploads\/2017\/12\/IMG_20170909_110619670-720x406.jpg\" alt=\"\" width=\"720\" height=\"406\" srcset=\"https:\/\/www.simons-world.at\/rtw\/wp-content\/uploads\/2017\/12\/IMG_20170909_110619670-720x406.jpg 720w, https:\/\/www.simons-world.at\/rtw\/wp-content\/uploads\/2017\/12\/IMG_20170909_110619670-300x169.jpg 300w, https:\/\/www.simons-world.at\/rtw\/wp-content\/uploads\/2017\/12\/IMG_20170909_110619670-768x433.jpg 768w, https:\/\/www.simons-world.at\/rtw\/wp-content\/uploads\/2017\/12\/IMG_20170909_110619670-520x293.jpg 520w\" sizes=\"auto, (max-width: 720px) 100vw, 720px\" \/><\/a><\/p>\n<p>Meiner Gesundheit hat der Umzug \u00fcbrigens auch gutgetan. Anstatt den ganzen Tag im B\u00fcro zu verbringen und bestenfalls mal zwischendurch den elektrischen Tisch hochzufahren, bin ich nun jeden Tag den ganzen Tag drau\u00dfen unterwegs und mache Sachen. Abgenommen habe ich auf jeden Fall ein paar Kilo. Tja, im B\u00fcro gab es eben auch mal einen Kuchen und dann sp\u00e4ter noch ein Br\u00f6tchen und dann war es schon Zeit f\u00fcrs Mittagessen. Ganz so viel fressen tue ich heute nicht mehr.<\/p>\n<p>Dazu bin ich aber auch nicht nach Panama gekommen. Ich finde es krass, was wir in diesen wenigen Monaten schon alles gemacht und erledigt haben. Doch erst ein Bruchteil der Arbeit ist erledigt und ein Bruchteil des \u00c4rgers ausgestanden. Das auch noch weit hinter meinem ambitionierten Zeitplan, aber trotzdem ist es bisher recht problemlos, z\u00fcgig und harmonisch verlaufen.<\/p>\n<p>Ich freue mich auf mehr davon. F\u00fcr den Moment w\u00fcrde ich sagen, gehe ich den Panamesen noch ein bisschen l\u00e4nger auf die Eier. Im n\u00e4chsten Bericht erfahrt ihr, wie genau ich das vorhabe \ud83d\ude42<\/p>\n","protected":false},"excerpt":{"rendered":"<p>Mehr als ein halbes Jahr ist es nun her, seit ich meine Koffer gepackt und mich aus \u00d6sterreich verabschiedet habe. H\u00f6chste Zeit ein wenig dar\u00fcber nachzudenken. War es denn die richtige Entscheidung oder habe ich langsam schon die Nase voll? L\u00e4uft alles den&#46;&#46;&#46;<\/p>\n","protected":false},"author":7,"featured_media":9653,"comment_status":"open","ping_status":"open","sticky":false,"template":"","format":"image","meta":{"ngg_post_thumbnail":0,"jetpack_post_was_ever_published":false,"_jetpack_newsletter_access":"","_jetpack_dont_email_post_to_subs":false,"_jetpack_newsletter_tier_id":0,"_jetpack_memberships_contains_paywalled_content":false,"_jetpack_memberships_contains_paid_content":false,"footnotes":"","jetpack_publicize_message":"","jetpack_publicize_feature_enabled":true,"jetpack_social_post_already_shared":true,"jetpack_social_options":{"image_generator_settings":{"template":"highway","default_image_id":0,"font":"","enabled":false},"version":2}},"categories":[1537],"tags":[1440,1408],"class_list":["post-9652","post","type-post","status-publish","format-image","has-post-thumbnail","hentry","category-erfahrungsberichte","tag-leben-in-panama","tag-panama","post_format-post-format-image"],"geo":null,"yoast_head":"<!-- This site is optimized with the Yoast SEO plugin v27.5 - https:\/\/yoast.com\/product\/yoast-seo-wordpress\/ -->\n<title>6 Monate in Panama: Ein paar Gedanken | Simons World<\/title>\n<meta name=\"description\" content=\"6 Monate in Panama: Ein paar Gedanken\" \/>\n<meta name=\"robots\" content=\"index, follow, max-snippet:-1, max-image-preview:large, max-video-preview:-1\" \/>\n<link rel=\"canonical\" href=\"https:\/\/www.simons-world.at\/rtw\/6-monate-in-panama-ein-paar-gedanken\/\" \/>\n<meta name=\"twitter:label1\" content=\"Verfasst von\" \/>\n\t<meta name=\"twitter:data1\" content=\"Simon\" \/>\n\t<meta name=\"twitter:label2\" content=\"Gesch\u00e4tzte Lesezeit\" \/>\n\t<meta name=\"twitter:data2\" content=\"4\u00a0Minuten\" \/>\n<script type=\"application\/ld+json\" class=\"yoast-schema-graph\">{\"@context\":\"https:\\\/\\\/schema.org\",\"@graph\":[{\"@type\":\"Article\",\"@id\":\"https:\\\/\\\/www.simons-world.at\\\/rtw\\\/6-monate-in-panama-ein-paar-gedanken\\\/#article\",\"isPartOf\":{\"@id\":\"https:\\\/\\\/www.simons-world.at\\\/rtw\\\/6-monate-in-panama-ein-paar-gedanken\\\/\"},\"author\":{\"name\":\"Simon\",\"@id\":\"https:\\\/\\\/www.simons-world.at\\\/rtw\\\/#\\\/schema\\\/person\\\/34f3ecb2e9ff749782fee13191c36495\"},\"headline\":\"6 Monate in Panama: Ein paar Gedanken\",\"datePublished\":\"2017-12-21T01:30:53+00:00\",\"dateModified\":\"2018-06-05T15:41:35+00:00\",\"mainEntityOfPage\":{\"@id\":\"https:\\\/\\\/www.simons-world.at\\\/rtw\\\/6-monate-in-panama-ein-paar-gedanken\\\/\"},\"wordCount\":843,\"commentCount\":6,\"publisher\":{\"@id\":\"https:\\\/\\\/www.simons-world.at\\\/rtw\\\/#\\\/schema\\\/person\\\/34f3ecb2e9ff749782fee13191c36495\"},\"image\":{\"@id\":\"https:\\\/\\\/www.simons-world.at\\\/rtw\\\/6-monate-in-panama-ein-paar-gedanken\\\/#primaryimage\"},\"thumbnailUrl\":\"https:\\\/\\\/www.simons-world.at\\\/rtw\\\/wp-content\\\/uploads\\\/2017\\\/12\\\/IMG_20170806_125952952.jpg\",\"keywords\":[\"Leben in Panama\",\"Panama\"],\"articleSection\":[\"Erfahrungsberichte\"],\"inLanguage\":\"de\",\"potentialAction\":[{\"@type\":\"CommentAction\",\"name\":\"Comment\",\"target\":[\"https:\\\/\\\/www.simons-world.at\\\/rtw\\\/6-monate-in-panama-ein-paar-gedanken\\\/#respond\"]}]},{\"@type\":\"WebPage\",\"@id\":\"https:\\\/\\\/www.simons-world.at\\\/rtw\\\/6-monate-in-panama-ein-paar-gedanken\\\/\",\"url\":\"https:\\\/\\\/www.simons-world.at\\\/rtw\\\/6-monate-in-panama-ein-paar-gedanken\\\/\",\"name\":\"6 Monate in Panama: Ein paar Gedanken | Simons World\",\"isPartOf\":{\"@id\":\"https:\\\/\\\/www.simons-world.at\\\/rtw\\\/#website\"},\"primaryImageOfPage\":{\"@id\":\"https:\\\/\\\/www.simons-world.at\\\/rtw\\\/6-monate-in-panama-ein-paar-gedanken\\\/#primaryimage\"},\"image\":{\"@id\":\"https:\\\/\\\/www.simons-world.at\\\/rtw\\\/6-monate-in-panama-ein-paar-gedanken\\\/#primaryimage\"},\"thumbnailUrl\":\"https:\\\/\\\/www.simons-world.at\\\/rtw\\\/wp-content\\\/uploads\\\/2017\\\/12\\\/IMG_20170806_125952952.jpg\",\"datePublished\":\"2017-12-21T01:30:53+00:00\",\"dateModified\":\"2018-06-05T15:41:35+00:00\",\"description\":\"6 Monate in Panama: Ein paar Gedanken\",\"breadcrumb\":{\"@id\":\"https:\\\/\\\/www.simons-world.at\\\/rtw\\\/6-monate-in-panama-ein-paar-gedanken\\\/#breadcrumb\"},\"inLanguage\":\"de\",\"potentialAction\":[{\"@type\":\"ReadAction\",\"target\":[\"https:\\\/\\\/www.simons-world.at\\\/rtw\\\/6-monate-in-panama-ein-paar-gedanken\\\/\"]}]},{\"@type\":\"ImageObject\",\"inLanguage\":\"de\",\"@id\":\"https:\\\/\\\/www.simons-world.at\\\/rtw\\\/6-monate-in-panama-ein-paar-gedanken\\\/#primaryimage\",\"url\":\"https:\\\/\\\/www.simons-world.at\\\/rtw\\\/wp-content\\\/uploads\\\/2017\\\/12\\\/IMG_20170806_125952952.jpg\",\"contentUrl\":\"https:\\\/\\\/www.simons-world.at\\\/rtw\\\/wp-content\\\/uploads\\\/2017\\\/12\\\/IMG_20170806_125952952.jpg\",\"width\":2704,\"height\":1200},{\"@type\":\"BreadcrumbList\",\"@id\":\"https:\\\/\\\/www.simons-world.at\\\/rtw\\\/6-monate-in-panama-ein-paar-gedanken\\\/#breadcrumb\",\"itemListElement\":[{\"@type\":\"ListItem\",\"position\":1,\"name\":\"Home\",\"item\":\"https:\\\/\\\/www.simons-world.at\\\/rtw\\\/\"},{\"@type\":\"ListItem\",\"position\":2,\"name\":\"Leben in Panama\",\"item\":\"https:\\\/\\\/www.simons-world.at\\\/rtw\\\/category\\\/leben-in-panama\\\/\"},{\"@type\":\"ListItem\",\"position\":3,\"name\":\"6 Monate in Panama: Ein paar Gedanken\"}]},{\"@type\":\"WebSite\",\"@id\":\"https:\\\/\\\/www.simons-world.at\\\/rtw\\\/#website\",\"url\":\"https:\\\/\\\/www.simons-world.at\\\/rtw\\\/\",\"name\":\"Simons World\",\"description\":\"Not just another Travel Blog\",\"publisher\":{\"@id\":\"https:\\\/\\\/www.simons-world.at\\\/rtw\\\/#\\\/schema\\\/person\\\/34f3ecb2e9ff749782fee13191c36495\"},\"potentialAction\":[{\"@type\":\"SearchAction\",\"target\":{\"@type\":\"EntryPoint\",\"urlTemplate\":\"https:\\\/\\\/www.simons-world.at\\\/rtw\\\/?s={search_term_string}\"},\"query-input\":{\"@type\":\"PropertyValueSpecification\",\"valueRequired\":true,\"valueName\":\"search_term_string\"}}],\"inLanguage\":\"de\"},{\"@type\":[\"Person\",\"Organization\"],\"@id\":\"https:\\\/\\\/www.simons-world.at\\\/rtw\\\/#\\\/schema\\\/person\\\/34f3ecb2e9ff749782fee13191c36495\",\"name\":\"Simon\",\"logo\":{\"@id\":\"https:\\\/\\\/www.simons-world.at\\\/rtw\\\/#\\\/schema\\\/person\\\/image\\\/\"},\"sameAs\":[\"http:\\\/\\\/www.simons-world.at\"]}]}<\/script>\n<!-- \/ Yoast SEO plugin. -->","yoast_head_json":{"title":"6 Monate in Panama: Ein paar Gedanken | Simons World","description":"6 Monate in Panama: Ein paar Gedanken","robots":{"index":"index","follow":"follow","max-snippet":"max-snippet:-1","max-image-preview":"max-image-preview:large","max-video-preview":"max-video-preview:-1"},"canonical":"https:\/\/www.simons-world.at\/rtw\/6-monate-in-panama-ein-paar-gedanken\/","twitter_misc":{"Verfasst von":"Simon","Gesch\u00e4tzte Lesezeit":"4\u00a0Minuten"},"schema":{"@context":"https:\/\/schema.org","@graph":[{"@type":"Article","@id":"https:\/\/www.simons-world.at\/rtw\/6-monate-in-panama-ein-paar-gedanken\/#article","isPartOf":{"@id":"https:\/\/www.simons-world.at\/rtw\/6-monate-in-panama-ein-paar-gedanken\/"},"author":{"name":"Simon","@id":"https:\/\/www.simons-world.at\/rtw\/#\/schema\/person\/34f3ecb2e9ff749782fee13191c36495"},"headline":"6 Monate in Panama: Ein paar Gedanken","datePublished":"2017-12-21T01:30:53+00:00","dateModified":"2018-06-05T15:41:35+00:00","mainEntityOfPage":{"@id":"https:\/\/www.simons-world.at\/rtw\/6-monate-in-panama-ein-paar-gedanken\/"},"wordCount":843,"commentCount":6,"publisher":{"@id":"https:\/\/www.simons-world.at\/rtw\/#\/schema\/person\/34f3ecb2e9ff749782fee13191c36495"},"image":{"@id":"https:\/\/www.simons-world.at\/rtw\/6-monate-in-panama-ein-paar-gedanken\/#primaryimage"},"thumbnailUrl":"https:\/\/www.simons-world.at\/rtw\/wp-content\/uploads\/2017\/12\/IMG_20170806_125952952.jpg","keywords":["Leben in Panama","Panama"],"articleSection":["Erfahrungsberichte"],"inLanguage":"de","potentialAction":[{"@type":"CommentAction","name":"Comment","target":["https:\/\/www.simons-world.at\/rtw\/6-monate-in-panama-ein-paar-gedanken\/#respond"]}]},{"@type":"WebPage","@id":"https:\/\/www.simons-world.at\/rtw\/6-monate-in-panama-ein-paar-gedanken\/","url":"https:\/\/www.simons-world.at\/rtw\/6-monate-in-panama-ein-paar-gedanken\/","name":"6 Monate in Panama: Ein paar Gedanken | Simons World","isPartOf":{"@id":"https:\/\/www.simons-world.at\/rtw\/#website"},"primaryImageOfPage":{"@id":"https:\/\/www.simons-world.at\/rtw\/6-monate-in-panama-ein-paar-gedanken\/#primaryimage"},"image":{"@id":"https:\/\/www.simons-world.at\/rtw\/6-monate-in-panama-ein-paar-gedanken\/#primaryimage"},"thumbnailUrl":"https:\/\/www.simons-world.at\/rtw\/wp-content\/uploads\/2017\/12\/IMG_20170806_125952952.jpg","datePublished":"2017-12-21T01:30:53+00:00","dateModified":"2018-06-05T15:41:35+00:00","description":"6 Monate in Panama: Ein paar Gedanken","breadcrumb":{"@id":"https:\/\/www.simons-world.at\/rtw\/6-monate-in-panama-ein-paar-gedanken\/#breadcrumb"},"inLanguage":"de","potentialAction":[{"@type":"ReadAction","target":["https:\/\/www.simons-world.at\/rtw\/6-monate-in-panama-ein-paar-gedanken\/"]}]},{"@type":"ImageObject","inLanguage":"de","@id":"https:\/\/www.simons-world.at\/rtw\/6-monate-in-panama-ein-paar-gedanken\/#primaryimage","url":"https:\/\/www.simons-world.at\/rtw\/wp-content\/uploads\/2017\/12\/IMG_20170806_125952952.jpg","contentUrl":"https:\/\/www.simons-world.at\/rtw\/wp-content\/uploads\/2017\/12\/IMG_20170806_125952952.jpg","width":2704,"height":1200},{"@type":"BreadcrumbList","@id":"https:\/\/www.simons-world.at\/rtw\/6-monate-in-panama-ein-paar-gedanken\/#breadcrumb","itemListElement":[{"@type":"ListItem","position":1,"name":"Home","item":"https:\/\/www.simons-world.at\/rtw\/"},{"@type":"ListItem","position":2,"name":"Leben in Panama","item":"https:\/\/www.simons-world.at\/rtw\/category\/leben-in-panama\/"},{"@type":"ListItem","position":3,"name":"6 Monate in Panama: Ein paar Gedanken"}]},{"@type":"WebSite","@id":"https:\/\/www.simons-world.at\/rtw\/#website","url":"https:\/\/www.simons-world.at\/rtw\/","name":"Simons World","description":"Not just another Travel Blog","publisher":{"@id":"https:\/\/www.simons-world.at\/rtw\/#\/schema\/person\/34f3ecb2e9ff749782fee13191c36495"},"potentialAction":[{"@type":"SearchAction","target":{"@type":"EntryPoint","urlTemplate":"https:\/\/www.simons-world.at\/rtw\/?s={search_term_string}"},"query-input":{"@type":"PropertyValueSpecification","valueRequired":true,"valueName":"search_term_string"}}],"inLanguage":"de"},{"@type":["Person","Organization"],"@id":"https:\/\/www.simons-world.at\/rtw\/#\/schema\/person\/34f3ecb2e9ff749782fee13191c36495","name":"Simon","logo":{"@id":"https:\/\/www.simons-world.at\/rtw\/#\/schema\/person\/image\/"},"sameAs":["http:\/\/www.simons-world.at"]}]}},"jetpack_publicize_connections":[],"jetpack_featured_media_url":"https:\/\/www.simons-world.at\/rtw\/wp-content\/uploads\/2017\/12\/IMG_20170806_125952952.jpg","jetpack_sharing_enabled":true,"_links":{"self":[{"href":"https:\/\/www.simons-world.at\/rtw\/wp-json\/wp\/v2\/posts\/9652","targetHints":{"allow":["GET"]}}],"collection":[{"href":"https:\/\/www.simons-world.at\/rtw\/wp-json\/wp\/v2\/posts"}],"about":[{"href":"https:\/\/www.simons-world.at\/rtw\/wp-json\/wp\/v2\/types\/post"}],"author":[{"embeddable":true,"href":"https:\/\/www.simons-world.at\/rtw\/wp-json\/wp\/v2\/users\/7"}],"replies":[{"embeddable":true,"href":"https:\/\/www.simons-world.at\/rtw\/wp-json\/wp\/v2\/comments?post=9652"}],"version-history":[{"count":1,"href":"https:\/\/www.simons-world.at\/rtw\/wp-json\/wp\/v2\/posts\/9652\/revisions"}],"predecessor-version":[{"id":9657,"href":"https:\/\/www.simons-world.at\/rtw\/wp-json\/wp\/v2\/posts\/9652\/revisions\/9657"}],"wp:featuredmedia":[{"embeddable":true,"href":"https:\/\/www.simons-world.at\/rtw\/wp-json\/wp\/v2\/media\/9653"}],"wp:attachment":[{"href":"https:\/\/www.simons-world.at\/rtw\/wp-json\/wp\/v2\/media?parent=9652"}],"wp:term":[{"taxonomy":"category","embeddable":true,"href":"https:\/\/www.simons-world.at\/rtw\/wp-json\/wp\/v2\/categories?post=9652"},{"taxonomy":"post_tag","embeddable":true,"href":"https:\/\/www.simons-world.at\/rtw\/wp-json\/wp\/v2\/tags?post=9652"}],"curies":[{"name":"wp","href":"https:\/\/api.w.org\/{rel}","templated":true}]}}