{"id":4280,"date":"2014-07-22T18:41:15","date_gmt":"2014-07-22T17:41:15","guid":{"rendered":"https:\/\/www.simons-world.at\/rtw\/?p=4280"},"modified":"2015-11-15T17:05:10","modified_gmt":"2015-11-15T15:05:10","slug":"unterwegs-mit-dem-waelderbaehnle","status":"publish","type":"post","link":"https:\/\/www.simons-world.at\/rtw\/unterwegs-mit-dem-waelderbaehnle\/","title":{"rendered":"Unterwegs mit dem W\u00e4lderb\u00e4hnle"},"content":{"rendered":"<p>Der Samstagmorgen war eher ein wenig stressig, denn zwischen aufstehen und abfahren lagen nur 90 Minuten. Michele und Ceejay h\u00e4tten daf\u00fcr rund 15 Minuten gebraucht, aber schlie\u00dflich waren wir ja nicht mehr in Australien und auch nicht alleine. Egal. Als dann alle fertig waren ging\u2019s runter ins Dorf und ab zum Bahnhof.<\/p>\n<p>Wir l\u00f6sten Tickets f\u00fcr die <a title=\"Wikipedia\" href=\"http:\/\/de.wikipedia.org\/wiki\/W\u00e4lderb\u00e4hnle\" target=\"_blank\">Bregenzerwaldbahn<\/a>, auch genannt W\u00e4lderb\u00e4hnle, welches uns die knapp 5km von Bezau nach Schwarzenberg bef\u00f6rderte. Es war das letzte verbliebene St\u00fcck der ehemals 35km langen Bahnstrecke, die von 1902 bis 1983 bis nach Bregenz am Bodensee reichte. Dazu geh\u00f6rte nat\u00fcrlich auch die historische Dampflokomotive mit entsprechender Rauch- und Ru\u00dfkulisse.<\/p>\n<p><img loading=\"lazy\" decoding=\"async\" class=\"aligncenter wp-image-4281 size-full\" src=\"https:\/\/www.simons-world.at\/rtw\/wp-content\/uploads\/2014\/07\/DSCF1304-e1447599767846.jpg\" alt=\"W\u00e4lderb\u00e4hnle\" width=\"720\" height=\"372\" \/><\/p>\n<p>Irgendwie kann ich mich nicht erinnern, irgendwann schon einmal mit einer Dampflokomotive unterwegs gewesen zu sein. Ich habe zwar welche gesehen in einem <a title=\"Nice People and the Historic Village\" href=\"https:\/\/www.simons-world.at\/rtw\/nice-people-and-the-historic-village\/\" target=\"_blank\">historischen Dorf<\/a> in Australien und ebenso am Grund des Roten Meers am <a title=\"Rotes Meer Tauchsafari #1: Wracks\" href=\"https:\/\/www.simons-world.at\/rtw\/red-sea-diving-safari-part-1-wrecks\/\" target=\"_blank\">Wrack der Thistlegorm<\/a>, aber ich glaube das war meine erste Fahrt. Noch ein Pluspunkt f\u00fcr Vorarlberg \ud83d\ude42<\/p>\n<p>Das Teil war allerdings ewig langsam, hat gestunken und geraucht als ob es gleich explodieren w\u00fcrde. Die Fahrt an sich war jetzt auch nicht unbedingt idyllisch oder spektakul\u00e4r. Sicherlich historisch interessant, der Diedamskopf gestern gefiel mir aber wesentlich besser. Vielleicht auch weil sich dort die Touristen nicht ganz so dicht gedr\u00e4ngt haben? Aber was soll\u2018s, ich bin ja selber einer davon.<\/p>\n<p>Anschlie\u00dfend gab es noch kurz Latte macchiato in der Stadt, bis wir uns wieder auf den einsamen Berg zur\u00fcckzogen. So einsam war der aber auch nicht mehr, denn unsere Nachbaren und Gastgeber Willi und Moni veranstalteten eine kleine Grillparty, zu der wir herzlich eingeladen wurden.<\/p>\n<p>Mir f\u00e4llt grad auf das ich davon kein einziges Foto gemacht habe. Schade denn das Essen war lecker, der Grill gro\u00df genug (auch wenn Willi das anders sieht \ud83d\ude42 ) und der Schnaps in der Hitze sorgte dann daf\u00fcr, dass ich ein bisschen rasten musste. Die Spuren der gestrigen Wanderung waren auch wieder mal un\u00fcbersehbar. An die Sonnencreme gedacht hatte ich schon, nur nicht an allen Stellen. Der daraus resultierende rechteckige Sonnenbrand auf meinen F\u00fc\u00dfen sah jedenfalls witzig aus.<\/p>\n<p>Am fr\u00fchen Abend gingen Michele und ich dann noch auf eine kleine Wanderung am Klausberg. Schon nach den ersten paar Metern war klar dass es eine gute Idee war, alleine zu gehen. Wir marschierten n\u00e4mlich im Wald zwischen Fliegen, M\u00fccken, Ameisen und Spinnen. Mia h\u00e4tte sich wohl angepinkelt vor lauter Angst.<\/p>\n<p><img loading=\"lazy\" decoding=\"async\" class=\"aligncenter wp-image-4283 size-full\" src=\"https:\/\/www.simons-world.at\/rtw\/wp-content\/uploads\/2014\/07\/DSCF1315-e1447599808498.jpg\" alt=\"Wandern am Klausberg\" width=\"720\" height=\"338\" \/><\/p>\n<p>Michele voll in ihrem Element, h\u00fcpfte mir gl\u00fccklich voraus w\u00e4hrend ich schnaufend hinterher stolperte. Schon an der ersten Bank war es Zeit f\u00fcr eine Rast. Naja, sportlich war ich noch nie. Irgendwann waren wir dann am Bergr\u00fccken angekommen und liefen zur\u00fcck hinab ins Tal. Durch hohes Gras und \u00fcber Stacheldraht ging es langsam Richtung G\u00e4stehaus. Als die Holzh\u00fctte dann zwischen den B\u00e4umen hervorkam, wirkte sie von dieser Perspektive noch versteckter und idyllischer als sie ohnehin war.<\/p>\n<p>So machten wir uns noch einen gem\u00fctlichen letzten Abend, an dem es noch zu dem ein oder anderen Vorfall kam. Mehr dar\u00fcber gibt es im n\u00e4chsten Beitrag.<\/p>\n<p>&nbsp;<\/p>\nngg_shortcode_0_placeholder\n<p>&nbsp;<\/p>\n<p><iframe loading=\"lazy\" src=\"https:\/\/maps.google.at\/maps?f=d&amp;source=s_d&amp;saddr=Bahnhof,+6870+Bezau&amp;daddr=47.399144,9.854174&amp;hl=de&amp;geocode=FWL80gIdXAOXACl9wMzq82ibRzEdkQSyIQJIAA%3BFehA0wId3lyWAA&amp;aq=t&amp;sll=47.39917,9.854393&amp;sspn=0.003083,0.006968&amp;t=h&amp;mra=ls&amp;ie=UTF8&amp;ll=47.388071,9.874928&amp;spn=0.022284,0.046573&amp;output=embed\" width=\"720\" height=\"350\" frameborder=\"0\" marginwidth=\"0\" marginheight=\"0\" scrolling=\"no\"><\/iframe><\/p>\n","protected":false},"excerpt":{"rendered":"<p>Der Samstagmorgen war eher ein wenig stressig, denn zwischen aufstehen und abfahren lagen nur 90 Minuten. Michele und Ceejay h\u00e4tten daf\u00fcr rund 15 Minuten gebraucht, aber schlie\u00dflich waren wir ja nicht mehr in Australien und auch nicht alleine. Egal. Als dann alle fertig&#46;&#46;&#46;<\/p>\n","protected":false},"author":7,"featured_media":4284,"comment_status":"open","ping_status":"open","sticky":false,"template":"","format":"image","meta":{"ngg_post_thumbnail":0,"jetpack_post_was_ever_published":false,"_jetpack_newsletter_access":"","_jetpack_dont_email_post_to_subs":false,"_jetpack_newsletter_tier_id":0,"_jetpack_memberships_contains_paywalled_content":false,"_jetpack_memberships_contains_paid_content":false,"footnotes":"","jetpack_publicize_message":"","jetpack_publicize_feature_enabled":true,"jetpack_social_post_already_shared":true,"jetpack_social_options":{"image_generator_settings":{"template":"highway","default_image_id":0,"font":"","enabled":false},"version":2}},"categories":[1223],"tags":[1221,1230,1233,1225,1234,1236,1364,1232,1235,1224,1231,1229],"class_list":["post-4280","post","type-post","status-publish","format-image","has-post-thumbnail","hentry","category-oesterreich","tag-bezau","tag-bregenzerwaldbahn","tag-dampflokomotive","tag-gaestehaus-klausberg","tag-grillfest","tag-klausberg","tag-oesterreich","tag-schwarzenberg","tag-sonnenbrand","tag-vorarlberg","tag-waelderbaehnle","tag-wandern","post_format-post-format-image"],"geo":{"latitude":47.40230179999999648998709744773805141448974609375,"longitude":9.8620911000000006652044248767197132110595703125,"description":"Bersbuch 698, 6866, \u00d6sterreich"},"yoast_head":"<!-- This site is optimized with the Yoast SEO plugin v27.4 - https:\/\/yoast.com\/product\/yoast-seo-wordpress\/ -->\n<title>Unterwegs mit dem W\u00e4lderb\u00e4hnle | Simons World<\/title>\n<meta name=\"description\" content=\"Unterwegs mit dem W\u00e4lderb\u00e4hnle\" \/>\n<meta name=\"robots\" content=\"index, follow, max-snippet:-1, max-image-preview:large, max-video-preview:-1\" \/>\n<link rel=\"canonical\" href=\"https:\/\/www.simons-world.at\/rtw\/unterwegs-mit-dem-waelderbaehnle\/\" \/>\n<meta name=\"twitter:label1\" content=\"Verfasst von\" \/>\n\t<meta name=\"twitter:data1\" content=\"Simon\" \/>\n\t<meta name=\"twitter:label2\" content=\"Gesch\u00e4tzte Lesezeit\" \/>\n\t<meta name=\"twitter:data2\" content=\"3\u00a0Minuten\" \/>\n<script type=\"application\/ld+json\" class=\"yoast-schema-graph\">{\"@context\":\"https:\\\/\\\/schema.org\",\"@graph\":[{\"@type\":\"Article\",\"@id\":\"https:\\\/\\\/www.simons-world.at\\\/rtw\\\/unterwegs-mit-dem-waelderbaehnle\\\/#article\",\"isPartOf\":{\"@id\":\"https:\\\/\\\/www.simons-world.at\\\/rtw\\\/unterwegs-mit-dem-waelderbaehnle\\\/\"},\"author\":{\"name\":\"Simon\",\"@id\":\"https:\\\/\\\/www.simons-world.at\\\/rtw\\\/#\\\/schema\\\/person\\\/34f3ecb2e9ff749782fee13191c36495\"},\"headline\":\"Unterwegs mit dem W\u00e4lderb\u00e4hnle\",\"datePublished\":\"2014-07-22T17:41:15+00:00\",\"dateModified\":\"2015-11-15T15:05:10+00:00\",\"mainEntityOfPage\":{\"@id\":\"https:\\\/\\\/www.simons-world.at\\\/rtw\\\/unterwegs-mit-dem-waelderbaehnle\\\/\"},\"wordCount\":539,\"commentCount\":0,\"publisher\":{\"@id\":\"https:\\\/\\\/www.simons-world.at\\\/rtw\\\/#\\\/schema\\\/person\\\/34f3ecb2e9ff749782fee13191c36495\"},\"image\":{\"@id\":\"https:\\\/\\\/www.simons-world.at\\\/rtw\\\/unterwegs-mit-dem-waelderbaehnle\\\/#primaryimage\"},\"thumbnailUrl\":\"https:\\\/\\\/www.simons-world.at\\\/rtw\\\/wp-content\\\/uploads\\\/2014\\\/07\\\/DSCF1310.jpg\",\"keywords\":[\"Bezau\",\"Bregenzerwaldbahn\",\"Dampflokomotive\",\"G\u00e4stehaus Klausberg\",\"Grillfest\",\"Klausberg\",\"\u00d6sterreich\",\"Schwarzenberg\",\"Sonnenbrand\",\"Vorarlberg\",\"W\u00e4lderb\u00e4hnle\",\"wandern\"],\"articleSection\":[\"\u00d6sterreich\"],\"inLanguage\":\"de\",\"potentialAction\":[{\"@type\":\"CommentAction\",\"name\":\"Comment\",\"target\":[\"https:\\\/\\\/www.simons-world.at\\\/rtw\\\/unterwegs-mit-dem-waelderbaehnle\\\/#respond\"]}]},{\"@type\":\"WebPage\",\"@id\":\"https:\\\/\\\/www.simons-world.at\\\/rtw\\\/unterwegs-mit-dem-waelderbaehnle\\\/\",\"url\":\"https:\\\/\\\/www.simons-world.at\\\/rtw\\\/unterwegs-mit-dem-waelderbaehnle\\\/\",\"name\":\"Unterwegs mit dem W\u00e4lderb\u00e4hnle | Simons World\",\"isPartOf\":{\"@id\":\"https:\\\/\\\/www.simons-world.at\\\/rtw\\\/#website\"},\"primaryImageOfPage\":{\"@id\":\"https:\\\/\\\/www.simons-world.at\\\/rtw\\\/unterwegs-mit-dem-waelderbaehnle\\\/#primaryimage\"},\"image\":{\"@id\":\"https:\\\/\\\/www.simons-world.at\\\/rtw\\\/unterwegs-mit-dem-waelderbaehnle\\\/#primaryimage\"},\"thumbnailUrl\":\"https:\\\/\\\/www.simons-world.at\\\/rtw\\\/wp-content\\\/uploads\\\/2014\\\/07\\\/DSCF1310.jpg\",\"datePublished\":\"2014-07-22T17:41:15+00:00\",\"dateModified\":\"2015-11-15T15:05:10+00:00\",\"description\":\"Unterwegs mit dem W\u00e4lderb\u00e4hnle\",\"breadcrumb\":{\"@id\":\"https:\\\/\\\/www.simons-world.at\\\/rtw\\\/unterwegs-mit-dem-waelderbaehnle\\\/#breadcrumb\"},\"inLanguage\":\"de\",\"potentialAction\":[{\"@type\":\"ReadAction\",\"target\":[\"https:\\\/\\\/www.simons-world.at\\\/rtw\\\/unterwegs-mit-dem-waelderbaehnle\\\/\"]}]},{\"@type\":\"ImageObject\",\"inLanguage\":\"de\",\"@id\":\"https:\\\/\\\/www.simons-world.at\\\/rtw\\\/unterwegs-mit-dem-waelderbaehnle\\\/#primaryimage\",\"url\":\"https:\\\/\\\/www.simons-world.at\\\/rtw\\\/wp-content\\\/uploads\\\/2014\\\/07\\\/DSCF1310.jpg\",\"contentUrl\":\"https:\\\/\\\/www.simons-world.at\\\/rtw\\\/wp-content\\\/uploads\\\/2014\\\/07\\\/DSCF1310.jpg\",\"width\":1024,\"height\":768},{\"@type\":\"BreadcrumbList\",\"@id\":\"https:\\\/\\\/www.simons-world.at\\\/rtw\\\/unterwegs-mit-dem-waelderbaehnle\\\/#breadcrumb\",\"itemListElement\":[{\"@type\":\"ListItem\",\"position\":1,\"name\":\"Home\",\"item\":\"https:\\\/\\\/www.simons-world.at\\\/rtw\\\/\"},{\"@type\":\"ListItem\",\"position\":2,\"name\":\"Destinationen\",\"item\":\"https:\\\/\\\/www.simons-world.at\\\/rtw\\\/category\\\/destinationen\\\/\"},{\"@type\":\"ListItem\",\"position\":3,\"name\":\"Europa\",\"item\":\"https:\\\/\\\/www.simons-world.at\\\/rtw\\\/category\\\/destinationen\\\/europa\\\/\"},{\"@type\":\"ListItem\",\"position\":4,\"name\":\"\u00d6sterreich\",\"item\":\"https:\\\/\\\/www.simons-world.at\\\/rtw\\\/category\\\/destinationen\\\/europa\\\/oesterreich\\\/\"},{\"@type\":\"ListItem\",\"position\":5,\"name\":\"Unterwegs mit dem W\u00e4lderb\u00e4hnle\"}]},{\"@type\":\"WebSite\",\"@id\":\"https:\\\/\\\/www.simons-world.at\\\/rtw\\\/#website\",\"url\":\"https:\\\/\\\/www.simons-world.at\\\/rtw\\\/\",\"name\":\"Simons World\",\"description\":\"Not just another Travel Blog\",\"publisher\":{\"@id\":\"https:\\\/\\\/www.simons-world.at\\\/rtw\\\/#\\\/schema\\\/person\\\/34f3ecb2e9ff749782fee13191c36495\"},\"potentialAction\":[{\"@type\":\"SearchAction\",\"target\":{\"@type\":\"EntryPoint\",\"urlTemplate\":\"https:\\\/\\\/www.simons-world.at\\\/rtw\\\/?s={search_term_string}\"},\"query-input\":{\"@type\":\"PropertyValueSpecification\",\"valueRequired\":true,\"valueName\":\"search_term_string\"}}],\"inLanguage\":\"de\"},{\"@type\":[\"Person\",\"Organization\"],\"@id\":\"https:\\\/\\\/www.simons-world.at\\\/rtw\\\/#\\\/schema\\\/person\\\/34f3ecb2e9ff749782fee13191c36495\",\"name\":\"Simon\",\"logo\":{\"@id\":\"https:\\\/\\\/www.simons-world.at\\\/rtw\\\/#\\\/schema\\\/person\\\/image\\\/\"},\"sameAs\":[\"http:\\\/\\\/www.simons-world.at\"]}]}<\/script>\n<!-- \/ Yoast SEO plugin. -->","yoast_head_json":{"title":"Unterwegs mit dem W\u00e4lderb\u00e4hnle | Simons World","description":"Unterwegs mit dem W\u00e4lderb\u00e4hnle","robots":{"index":"index","follow":"follow","max-snippet":"max-snippet:-1","max-image-preview":"max-image-preview:large","max-video-preview":"max-video-preview:-1"},"canonical":"https:\/\/www.simons-world.at\/rtw\/unterwegs-mit-dem-waelderbaehnle\/","twitter_misc":{"Verfasst von":"Simon","Gesch\u00e4tzte Lesezeit":"3\u00a0Minuten"},"schema":{"@context":"https:\/\/schema.org","@graph":[{"@type":"Article","@id":"https:\/\/www.simons-world.at\/rtw\/unterwegs-mit-dem-waelderbaehnle\/#article","isPartOf":{"@id":"https:\/\/www.simons-world.at\/rtw\/unterwegs-mit-dem-waelderbaehnle\/"},"author":{"name":"Simon","@id":"https:\/\/www.simons-world.at\/rtw\/#\/schema\/person\/34f3ecb2e9ff749782fee13191c36495"},"headline":"Unterwegs mit dem W\u00e4lderb\u00e4hnle","datePublished":"2014-07-22T17:41:15+00:00","dateModified":"2015-11-15T15:05:10+00:00","mainEntityOfPage":{"@id":"https:\/\/www.simons-world.at\/rtw\/unterwegs-mit-dem-waelderbaehnle\/"},"wordCount":539,"commentCount":0,"publisher":{"@id":"https:\/\/www.simons-world.at\/rtw\/#\/schema\/person\/34f3ecb2e9ff749782fee13191c36495"},"image":{"@id":"https:\/\/www.simons-world.at\/rtw\/unterwegs-mit-dem-waelderbaehnle\/#primaryimage"},"thumbnailUrl":"https:\/\/www.simons-world.at\/rtw\/wp-content\/uploads\/2014\/07\/DSCF1310.jpg","keywords":["Bezau","Bregenzerwaldbahn","Dampflokomotive","G\u00e4stehaus Klausberg","Grillfest","Klausberg","\u00d6sterreich","Schwarzenberg","Sonnenbrand","Vorarlberg","W\u00e4lderb\u00e4hnle","wandern"],"articleSection":["\u00d6sterreich"],"inLanguage":"de","potentialAction":[{"@type":"CommentAction","name":"Comment","target":["https:\/\/www.simons-world.at\/rtw\/unterwegs-mit-dem-waelderbaehnle\/#respond"]}]},{"@type":"WebPage","@id":"https:\/\/www.simons-world.at\/rtw\/unterwegs-mit-dem-waelderbaehnle\/","url":"https:\/\/www.simons-world.at\/rtw\/unterwegs-mit-dem-waelderbaehnle\/","name":"Unterwegs mit dem W\u00e4lderb\u00e4hnle | Simons World","isPartOf":{"@id":"https:\/\/www.simons-world.at\/rtw\/#website"},"primaryImageOfPage":{"@id":"https:\/\/www.simons-world.at\/rtw\/unterwegs-mit-dem-waelderbaehnle\/#primaryimage"},"image":{"@id":"https:\/\/www.simons-world.at\/rtw\/unterwegs-mit-dem-waelderbaehnle\/#primaryimage"},"thumbnailUrl":"https:\/\/www.simons-world.at\/rtw\/wp-content\/uploads\/2014\/07\/DSCF1310.jpg","datePublished":"2014-07-22T17:41:15+00:00","dateModified":"2015-11-15T15:05:10+00:00","description":"Unterwegs mit dem W\u00e4lderb\u00e4hnle","breadcrumb":{"@id":"https:\/\/www.simons-world.at\/rtw\/unterwegs-mit-dem-waelderbaehnle\/#breadcrumb"},"inLanguage":"de","potentialAction":[{"@type":"ReadAction","target":["https:\/\/www.simons-world.at\/rtw\/unterwegs-mit-dem-waelderbaehnle\/"]}]},{"@type":"ImageObject","inLanguage":"de","@id":"https:\/\/www.simons-world.at\/rtw\/unterwegs-mit-dem-waelderbaehnle\/#primaryimage","url":"https:\/\/www.simons-world.at\/rtw\/wp-content\/uploads\/2014\/07\/DSCF1310.jpg","contentUrl":"https:\/\/www.simons-world.at\/rtw\/wp-content\/uploads\/2014\/07\/DSCF1310.jpg","width":1024,"height":768},{"@type":"BreadcrumbList","@id":"https:\/\/www.simons-world.at\/rtw\/unterwegs-mit-dem-waelderbaehnle\/#breadcrumb","itemListElement":[{"@type":"ListItem","position":1,"name":"Home","item":"https:\/\/www.simons-world.at\/rtw\/"},{"@type":"ListItem","position":2,"name":"Destinationen","item":"https:\/\/www.simons-world.at\/rtw\/category\/destinationen\/"},{"@type":"ListItem","position":3,"name":"Europa","item":"https:\/\/www.simons-world.at\/rtw\/category\/destinationen\/europa\/"},{"@type":"ListItem","position":4,"name":"\u00d6sterreich","item":"https:\/\/www.simons-world.at\/rtw\/category\/destinationen\/europa\/oesterreich\/"},{"@type":"ListItem","position":5,"name":"Unterwegs mit dem W\u00e4lderb\u00e4hnle"}]},{"@type":"WebSite","@id":"https:\/\/www.simons-world.at\/rtw\/#website","url":"https:\/\/www.simons-world.at\/rtw\/","name":"Simons World","description":"Not just another Travel Blog","publisher":{"@id":"https:\/\/www.simons-world.at\/rtw\/#\/schema\/person\/34f3ecb2e9ff749782fee13191c36495"},"potentialAction":[{"@type":"SearchAction","target":{"@type":"EntryPoint","urlTemplate":"https:\/\/www.simons-world.at\/rtw\/?s={search_term_string}"},"query-input":{"@type":"PropertyValueSpecification","valueRequired":true,"valueName":"search_term_string"}}],"inLanguage":"de"},{"@type":["Person","Organization"],"@id":"https:\/\/www.simons-world.at\/rtw\/#\/schema\/person\/34f3ecb2e9ff749782fee13191c36495","name":"Simon","logo":{"@id":"https:\/\/www.simons-world.at\/rtw\/#\/schema\/person\/image\/"},"sameAs":["http:\/\/www.simons-world.at"]}]}},"jetpack_publicize_connections":[],"jetpack_featured_media_url":"https:\/\/www.simons-world.at\/rtw\/wp-content\/uploads\/2014\/07\/DSCF1310.jpg","jetpack_sharing_enabled":true,"_links":{"self":[{"href":"https:\/\/www.simons-world.at\/rtw\/wp-json\/wp\/v2\/posts\/4280","targetHints":{"allow":["GET"]}}],"collection":[{"href":"https:\/\/www.simons-world.at\/rtw\/wp-json\/wp\/v2\/posts"}],"about":[{"href":"https:\/\/www.simons-world.at\/rtw\/wp-json\/wp\/v2\/types\/post"}],"author":[{"embeddable":true,"href":"https:\/\/www.simons-world.at\/rtw\/wp-json\/wp\/v2\/users\/7"}],"replies":[{"embeddable":true,"href":"https:\/\/www.simons-world.at\/rtw\/wp-json\/wp\/v2\/comments?post=4280"}],"version-history":[{"count":7,"href":"https:\/\/www.simons-world.at\/rtw\/wp-json\/wp\/v2\/posts\/4280\/revisions"}],"predecessor-version":[{"id":8428,"href":"https:\/\/www.simons-world.at\/rtw\/wp-json\/wp\/v2\/posts\/4280\/revisions\/8428"}],"wp:featuredmedia":[{"embeddable":true,"href":"https:\/\/www.simons-world.at\/rtw\/wp-json\/wp\/v2\/media\/4284"}],"wp:attachment":[{"href":"https:\/\/www.simons-world.at\/rtw\/wp-json\/wp\/v2\/media?parent=4280"}],"wp:term":[{"taxonomy":"category","embeddable":true,"href":"https:\/\/www.simons-world.at\/rtw\/wp-json\/wp\/v2\/categories?post=4280"},{"taxonomy":"post_tag","embeddable":true,"href":"https:\/\/www.simons-world.at\/rtw\/wp-json\/wp\/v2\/tags?post=4280"}],"curies":[{"name":"wp","href":"https:\/\/api.w.org\/{rel}","templated":true}]}}