{"id":4193,"date":"2014-07-18T18:56:36","date_gmt":"2014-07-18T17:56:36","guid":{"rendered":"https:\/\/www.simons-world.at\/rtw\/?p=4193"},"modified":"2015-11-15T17:01:22","modified_gmt":"2015-11-15T15:01:22","slug":"im-gaensemarsch-zum-diedamskopf","status":"publish","type":"post","link":"https:\/\/www.simons-world.at\/rtw\/im-gaensemarsch-zum-diedamskopf\/","title":{"rendered":"Im G\u00e4nsemarsch zum Diedamskopf"},"content":{"rendered":"<p>Ungew\u00f6hnlicher Weise bin ich morgens um 6 Uhr nach nur drei Stunden schlaf wach geworden. Ob es an der strahlenden Sonne oder den zwitschernden V\u00f6gel lag kann ich nicht absch\u00e4tzen, zu Hause w\u00fcrde ich mich davon aber ganz bestimmt nicht wecken lassen. Egal. Das mindeste was ich tun konnte war Fr\u00fchst\u00fcck zu \u201ekochen\u201c. W\u00e4hrend Mia schon stundenlang im Badezimmer war, sa\u00df Michele dann ungeschminkt am Fr\u00fchst\u00fcckstisch. So schlimm fand ich den Anblick nun nicht, aber als ich meine Kamera z\u00fcckte war da jemand nicht so ganz begeistert. Der Blick k\u00f6nnte t\u00f6ten, oder?<\/p>\n<p><img loading=\"lazy\" decoding=\"async\" class=\"aligncenter wp-image-4195 size-full\" src=\"https:\/\/www.simons-world.at\/rtw\/wp-content\/uploads\/2014\/07\/DSCF1235-e1447599615516.jpg\" alt=\"DSCF1235\" width=\"720\" height=\"367\" \/><\/p>\n<p>Als wir wenig sp\u00e4ter auf dem Weg zum Diedamskopf bei einer B\u00e4ckerei hielten, und Michele ihren Kaffee bekam, war das jedoch schnell vergessen. Dass ich das Bild hier jetzt grad absichtlich gro\u00df reinstelle, d\u00fcrfte auch klar sein. Gegen 10 Uhr erreichten wir sodann die Talstation der Bergbahnen, wo wir uns Karten f\u00fcr drei Teilstrecken besorgten.<\/p>\n<p>Mit Michele und Mia im \u201eCablecar\u201c ging\u2019s dann direkt auf 2.090 Meter H\u00f6he, also zur Bergstation am Diedamskopf. Die Fahrt war fantastisch. In wie vielen solchen Dingern ich bis jetzt in anderen L\u00e4ndern war kann ich gar nicht sagen, aber eines steht fest: Vorarlberg steht dem kein bisschen nach! Blauer Himmel, Sonnenschein, kein einziges W\u00f6lkchen in Sicht. Eine spektakul\u00e4re Aussicht. Das Wetter war fast schon zu gut zum wandern. Auf \u00fcber 2000 Metern H\u00f6he hatte es jedoch nur 14\u00b0 C \u2013 im Schatten. Und der war so gut wie nicht existent.<\/p>\n<p>Wir brauchten wohl \u00fcber 2 Stunden f\u00fcr den Plateaurundweg, der glaub ich mit 30 Minuten angegeben war. Familientauglich wohlgemerkt. Kein Wunder denn an jeder Ecke stoppten wir f\u00fcr ein Fotoshooting.<\/p>\n<p><img loading=\"lazy\" decoding=\"async\" class=\"aligncenter wp-image-4196 size-full\" src=\"https:\/\/www.simons-world.at\/rtw\/wp-content\/uploads\/2014\/07\/P7181690-e1447599641825.jpg\" alt=\"OLYMPUS DIGITAL CAMERA\" width=\"720\" height=\"389\" \/><\/p>\n<p>Schlie\u00dflich machten wir uns auf den Weg zur Mittelstation. Durch die starken Regenf\u00e4lle in der letzten Woche, waren die Wege ausgesp\u00fclt und teilweise nicht so einfach zu begehen. Dass die M\u00e4dels nur Sneakers anhatten war wohl auch kein Vorteil. Nach mehreren Beinahe-Abst\u00fcrzen machten wir dann Rast und verspeisten unsere im Backpacker-Style mitgebrachten Br\u00f6tchen.<\/p>\n<p>Frisch gest\u00e4rkt ging es weiter bergabw\u00e4rts im Schneckentempo. Das Highlight der Wanderung waren dann noch ein paar K\u00fche, die sich bereitwillig anfassen lie\u00dfen. Warum Frauen immer alles angreifen m\u00fcssen verstehe ich \u00fcbrigens auch nicht. Egal. Auf der Mittelstation angekommen stand Mia vor einer schwierigen Entscheidung: Beach Cola oder Bum-Bum. Gemeint sind hier nat\u00fcrlich die Kindereis aus dem Hause Sch\u00f6ller, die jedem Vorarlberger wohlbekannt sein d\u00fcrften.<\/p>\n<p><img loading=\"lazy\" decoding=\"async\" class=\"aligncenter wp-image-4197 size-full\" src=\"https:\/\/www.simons-world.at\/rtw\/wp-content\/uploads\/2014\/07\/DSCF1294-e1447599674750.jpg\" alt=\"DSCF1294\" width=\"720\" height=\"378\" \/><\/p>\n<p>Tja, und so gegen 16 Uhr fuhren wir wieder hinab ins Tal und zur\u00fcck zur Ferienwohnung. Ein bisschen relaxen f\u00fcr die M\u00e4dels, ein bisschen Blogschreiben f\u00fcr mich. Nun ist es Zeit zum kochen. Was wir morgen vorhaben wissen wir noch nicht. Ihr werdet es aber im n\u00e4chsten Beitrag erfahren \ud83d\ude09<\/p>\n<p>&nbsp;<\/p>\nngg_shortcode_0_placeholder\n<p>&nbsp;<\/p>\n<p><iframe loading=\"lazy\" src=\"https:\/\/maps.google.at\/maps?f=d&amp;source=s_d&amp;saddr=Klausberg,+Bezau&amp;daddr=Bergbahnen+Diedamskopf+Au-Schoppernau,+Halde,+Schoppernau&amp;hl=de&amp;geocode=FRUY0wIdL9GWAClX-2O45GibRzHI4VZVW8SwfQ%3BFRsB0gIdz7aYACHRXGbfymALLyl_NnAWBl6bRzHRXGbfymALLw&amp;aq=0&amp;oq=Diedamskopf&amp;sll=47.385462,9.904006&amp;sspn=0.19735,0.445976&amp;t=h&amp;mra=ls&amp;ie=UTF8&amp;ll=47.351064,9.94322&amp;spn=0.072722,0.130188&amp;output=embed\" width=\"720\" height=\"350\" frameborder=\"0\" marginwidth=\"0\" marginheight=\"0\" scrolling=\"no\"><\/iframe><\/p>\n","protected":false},"excerpt":{"rendered":"<p>Ungew\u00f6hnlicher Weise bin ich morgens um 6 Uhr nach nur drei Stunden schlaf wach geworden. Ob es an der strahlenden Sonne oder den zwitschernden V\u00f6gel lag kann ich nicht absch\u00e4tzen, zu Hause w\u00fcrde ich mich davon aber ganz bestimmt nicht wecken lassen. Egal.&#46;&#46;&#46;<\/p>\n","protected":false},"author":7,"featured_media":4208,"comment_status":"open","ping_status":"open","sticky":false,"template":"","format":"image","meta":{"ngg_post_thumbnail":0,"jetpack_post_was_ever_published":false,"_jetpack_newsletter_access":"","_jetpack_dont_email_post_to_subs":false,"_jetpack_newsletter_tier_id":0,"_jetpack_memberships_contains_paywalled_content":false,"_jetpack_memberships_contains_paid_content":false,"footnotes":"","jetpack_publicize_message":"","jetpack_publicize_feature_enabled":true,"jetpack_social_post_already_shared":true,"jetpack_social_options":{"image_generator_settings":{"template":"highway","default_image_id":0,"font":"","enabled":false},"version":2}},"categories":[1223],"tags":[1228,1221,1220,1227,125,704,1364,1224,1229],"class_list":["post-4193","post","type-post","status-publish","format-image","has-post-thumbnail","hentry","category-oesterreich","tag-bergbahnen","tag-bezau","tag-bregenzerwald","tag-diedamskopf","tag-eis","tag-kuhe","tag-oesterreich","tag-vorarlberg","tag-wandern","post_format-post-format-image"],"geo":{"latitude":47.34666820000000342361090588383376598358154296875,"longitude":10.025555600000000566751623409800231456756591796875,"description":"Diedamskopf, 6886, \u00d6sterreich"},"yoast_head":"<!-- This site is optimized with the Yoast SEO plugin v27.4 - https:\/\/yoast.com\/product\/yoast-seo-wordpress\/ -->\n<title>Im G\u00e4nsemarsch zum Diedamskopf | Simons World<\/title>\n<meta name=\"description\" content=\"Im G\u00e4nsemarsch zum Diedamskopf\" \/>\n<meta name=\"robots\" content=\"index, follow, max-snippet:-1, max-image-preview:large, max-video-preview:-1\" \/>\n<link rel=\"canonical\" href=\"https:\/\/www.simons-world.at\/rtw\/im-gaensemarsch-zum-diedamskopf\/\" \/>\n<meta name=\"twitter:label1\" content=\"Verfasst von\" \/>\n\t<meta name=\"twitter:data1\" content=\"Simon\" \/>\n\t<meta name=\"twitter:label2\" content=\"Gesch\u00e4tzte Lesezeit\" \/>\n\t<meta name=\"twitter:data2\" content=\"2\u00a0Minuten\" \/>\n<script type=\"application\/ld+json\" class=\"yoast-schema-graph\">{\"@context\":\"https:\\\/\\\/schema.org\",\"@graph\":[{\"@type\":\"Article\",\"@id\":\"https:\\\/\\\/www.simons-world.at\\\/rtw\\\/im-gaensemarsch-zum-diedamskopf\\\/#article\",\"isPartOf\":{\"@id\":\"https:\\\/\\\/www.simons-world.at\\\/rtw\\\/im-gaensemarsch-zum-diedamskopf\\\/\"},\"author\":{\"name\":\"Simon\",\"@id\":\"https:\\\/\\\/www.simons-world.at\\\/rtw\\\/#\\\/schema\\\/person\\\/34f3ecb2e9ff749782fee13191c36495\"},\"headline\":\"Im G\u00e4nsemarsch zum Diedamskopf\",\"datePublished\":\"2014-07-18T17:56:36+00:00\",\"dateModified\":\"2015-11-15T15:01:22+00:00\",\"mainEntityOfPage\":{\"@id\":\"https:\\\/\\\/www.simons-world.at\\\/rtw\\\/im-gaensemarsch-zum-diedamskopf\\\/\"},\"wordCount\":478,\"commentCount\":2,\"publisher\":{\"@id\":\"https:\\\/\\\/www.simons-world.at\\\/rtw\\\/#\\\/schema\\\/person\\\/34f3ecb2e9ff749782fee13191c36495\"},\"image\":{\"@id\":\"https:\\\/\\\/www.simons-world.at\\\/rtw\\\/im-gaensemarsch-zum-diedamskopf\\\/#primaryimage\"},\"thumbnailUrl\":\"https:\\\/\\\/www.simons-world.at\\\/rtw\\\/wp-content\\\/uploads\\\/2014\\\/07\\\/DSCF12831.jpg\",\"keywords\":[\"Bergbahnen\",\"Bezau\",\"Bregenzerwald\",\"Diedamskopf\",\"Eis\",\"K\u00fche\",\"\u00d6sterreich\",\"Vorarlberg\",\"wandern\"],\"articleSection\":[\"\u00d6sterreich\"],\"inLanguage\":\"de\",\"potentialAction\":[{\"@type\":\"CommentAction\",\"name\":\"Comment\",\"target\":[\"https:\\\/\\\/www.simons-world.at\\\/rtw\\\/im-gaensemarsch-zum-diedamskopf\\\/#respond\"]}]},{\"@type\":\"WebPage\",\"@id\":\"https:\\\/\\\/www.simons-world.at\\\/rtw\\\/im-gaensemarsch-zum-diedamskopf\\\/\",\"url\":\"https:\\\/\\\/www.simons-world.at\\\/rtw\\\/im-gaensemarsch-zum-diedamskopf\\\/\",\"name\":\"Im G\u00e4nsemarsch zum Diedamskopf | Simons World\",\"isPartOf\":{\"@id\":\"https:\\\/\\\/www.simons-world.at\\\/rtw\\\/#website\"},\"primaryImageOfPage\":{\"@id\":\"https:\\\/\\\/www.simons-world.at\\\/rtw\\\/im-gaensemarsch-zum-diedamskopf\\\/#primaryimage\"},\"image\":{\"@id\":\"https:\\\/\\\/www.simons-world.at\\\/rtw\\\/im-gaensemarsch-zum-diedamskopf\\\/#primaryimage\"},\"thumbnailUrl\":\"https:\\\/\\\/www.simons-world.at\\\/rtw\\\/wp-content\\\/uploads\\\/2014\\\/07\\\/DSCF12831.jpg\",\"datePublished\":\"2014-07-18T17:56:36+00:00\",\"dateModified\":\"2015-11-15T15:01:22+00:00\",\"description\":\"Im G\u00e4nsemarsch zum Diedamskopf\",\"breadcrumb\":{\"@id\":\"https:\\\/\\\/www.simons-world.at\\\/rtw\\\/im-gaensemarsch-zum-diedamskopf\\\/#breadcrumb\"},\"inLanguage\":\"de\",\"potentialAction\":[{\"@type\":\"ReadAction\",\"target\":[\"https:\\\/\\\/www.simons-world.at\\\/rtw\\\/im-gaensemarsch-zum-diedamskopf\\\/\"]}]},{\"@type\":\"ImageObject\",\"inLanguage\":\"de\",\"@id\":\"https:\\\/\\\/www.simons-world.at\\\/rtw\\\/im-gaensemarsch-zum-diedamskopf\\\/#primaryimage\",\"url\":\"https:\\\/\\\/www.simons-world.at\\\/rtw\\\/wp-content\\\/uploads\\\/2014\\\/07\\\/DSCF12831.jpg\",\"contentUrl\":\"https:\\\/\\\/www.simons-world.at\\\/rtw\\\/wp-content\\\/uploads\\\/2014\\\/07\\\/DSCF12831.jpg\",\"width\":1024,\"height\":768},{\"@type\":\"BreadcrumbList\",\"@id\":\"https:\\\/\\\/www.simons-world.at\\\/rtw\\\/im-gaensemarsch-zum-diedamskopf\\\/#breadcrumb\",\"itemListElement\":[{\"@type\":\"ListItem\",\"position\":1,\"name\":\"Home\",\"item\":\"https:\\\/\\\/www.simons-world.at\\\/rtw\\\/\"},{\"@type\":\"ListItem\",\"position\":2,\"name\":\"Destinationen\",\"item\":\"https:\\\/\\\/www.simons-world.at\\\/rtw\\\/category\\\/destinationen\\\/\"},{\"@type\":\"ListItem\",\"position\":3,\"name\":\"Europa\",\"item\":\"https:\\\/\\\/www.simons-world.at\\\/rtw\\\/category\\\/destinationen\\\/europa\\\/\"},{\"@type\":\"ListItem\",\"position\":4,\"name\":\"\u00d6sterreich\",\"item\":\"https:\\\/\\\/www.simons-world.at\\\/rtw\\\/category\\\/destinationen\\\/europa\\\/oesterreich\\\/\"},{\"@type\":\"ListItem\",\"position\":5,\"name\":\"Im G\u00e4nsemarsch zum Diedamskopf\"}]},{\"@type\":\"WebSite\",\"@id\":\"https:\\\/\\\/www.simons-world.at\\\/rtw\\\/#website\",\"url\":\"https:\\\/\\\/www.simons-world.at\\\/rtw\\\/\",\"name\":\"Simons World\",\"description\":\"Not just another Travel Blog\",\"publisher\":{\"@id\":\"https:\\\/\\\/www.simons-world.at\\\/rtw\\\/#\\\/schema\\\/person\\\/34f3ecb2e9ff749782fee13191c36495\"},\"potentialAction\":[{\"@type\":\"SearchAction\",\"target\":{\"@type\":\"EntryPoint\",\"urlTemplate\":\"https:\\\/\\\/www.simons-world.at\\\/rtw\\\/?s={search_term_string}\"},\"query-input\":{\"@type\":\"PropertyValueSpecification\",\"valueRequired\":true,\"valueName\":\"search_term_string\"}}],\"inLanguage\":\"de\"},{\"@type\":[\"Person\",\"Organization\"],\"@id\":\"https:\\\/\\\/www.simons-world.at\\\/rtw\\\/#\\\/schema\\\/person\\\/34f3ecb2e9ff749782fee13191c36495\",\"name\":\"Simon\",\"logo\":{\"@id\":\"https:\\\/\\\/www.simons-world.at\\\/rtw\\\/#\\\/schema\\\/person\\\/image\\\/\"},\"sameAs\":[\"http:\\\/\\\/www.simons-world.at\"]}]}<\/script>\n<!-- \/ Yoast SEO plugin. -->","yoast_head_json":{"title":"Im G\u00e4nsemarsch zum Diedamskopf | Simons World","description":"Im G\u00e4nsemarsch zum Diedamskopf","robots":{"index":"index","follow":"follow","max-snippet":"max-snippet:-1","max-image-preview":"max-image-preview:large","max-video-preview":"max-video-preview:-1"},"canonical":"https:\/\/www.simons-world.at\/rtw\/im-gaensemarsch-zum-diedamskopf\/","twitter_misc":{"Verfasst von":"Simon","Gesch\u00e4tzte Lesezeit":"2\u00a0Minuten"},"schema":{"@context":"https:\/\/schema.org","@graph":[{"@type":"Article","@id":"https:\/\/www.simons-world.at\/rtw\/im-gaensemarsch-zum-diedamskopf\/#article","isPartOf":{"@id":"https:\/\/www.simons-world.at\/rtw\/im-gaensemarsch-zum-diedamskopf\/"},"author":{"name":"Simon","@id":"https:\/\/www.simons-world.at\/rtw\/#\/schema\/person\/34f3ecb2e9ff749782fee13191c36495"},"headline":"Im G\u00e4nsemarsch zum Diedamskopf","datePublished":"2014-07-18T17:56:36+00:00","dateModified":"2015-11-15T15:01:22+00:00","mainEntityOfPage":{"@id":"https:\/\/www.simons-world.at\/rtw\/im-gaensemarsch-zum-diedamskopf\/"},"wordCount":478,"commentCount":2,"publisher":{"@id":"https:\/\/www.simons-world.at\/rtw\/#\/schema\/person\/34f3ecb2e9ff749782fee13191c36495"},"image":{"@id":"https:\/\/www.simons-world.at\/rtw\/im-gaensemarsch-zum-diedamskopf\/#primaryimage"},"thumbnailUrl":"https:\/\/www.simons-world.at\/rtw\/wp-content\/uploads\/2014\/07\/DSCF12831.jpg","keywords":["Bergbahnen","Bezau","Bregenzerwald","Diedamskopf","Eis","K\u00fche","\u00d6sterreich","Vorarlberg","wandern"],"articleSection":["\u00d6sterreich"],"inLanguage":"de","potentialAction":[{"@type":"CommentAction","name":"Comment","target":["https:\/\/www.simons-world.at\/rtw\/im-gaensemarsch-zum-diedamskopf\/#respond"]}]},{"@type":"WebPage","@id":"https:\/\/www.simons-world.at\/rtw\/im-gaensemarsch-zum-diedamskopf\/","url":"https:\/\/www.simons-world.at\/rtw\/im-gaensemarsch-zum-diedamskopf\/","name":"Im G\u00e4nsemarsch zum Diedamskopf | Simons World","isPartOf":{"@id":"https:\/\/www.simons-world.at\/rtw\/#website"},"primaryImageOfPage":{"@id":"https:\/\/www.simons-world.at\/rtw\/im-gaensemarsch-zum-diedamskopf\/#primaryimage"},"image":{"@id":"https:\/\/www.simons-world.at\/rtw\/im-gaensemarsch-zum-diedamskopf\/#primaryimage"},"thumbnailUrl":"https:\/\/www.simons-world.at\/rtw\/wp-content\/uploads\/2014\/07\/DSCF12831.jpg","datePublished":"2014-07-18T17:56:36+00:00","dateModified":"2015-11-15T15:01:22+00:00","description":"Im G\u00e4nsemarsch zum Diedamskopf","breadcrumb":{"@id":"https:\/\/www.simons-world.at\/rtw\/im-gaensemarsch-zum-diedamskopf\/#breadcrumb"},"inLanguage":"de","potentialAction":[{"@type":"ReadAction","target":["https:\/\/www.simons-world.at\/rtw\/im-gaensemarsch-zum-diedamskopf\/"]}]},{"@type":"ImageObject","inLanguage":"de","@id":"https:\/\/www.simons-world.at\/rtw\/im-gaensemarsch-zum-diedamskopf\/#primaryimage","url":"https:\/\/www.simons-world.at\/rtw\/wp-content\/uploads\/2014\/07\/DSCF12831.jpg","contentUrl":"https:\/\/www.simons-world.at\/rtw\/wp-content\/uploads\/2014\/07\/DSCF12831.jpg","width":1024,"height":768},{"@type":"BreadcrumbList","@id":"https:\/\/www.simons-world.at\/rtw\/im-gaensemarsch-zum-diedamskopf\/#breadcrumb","itemListElement":[{"@type":"ListItem","position":1,"name":"Home","item":"https:\/\/www.simons-world.at\/rtw\/"},{"@type":"ListItem","position":2,"name":"Destinationen","item":"https:\/\/www.simons-world.at\/rtw\/category\/destinationen\/"},{"@type":"ListItem","position":3,"name":"Europa","item":"https:\/\/www.simons-world.at\/rtw\/category\/destinationen\/europa\/"},{"@type":"ListItem","position":4,"name":"\u00d6sterreich","item":"https:\/\/www.simons-world.at\/rtw\/category\/destinationen\/europa\/oesterreich\/"},{"@type":"ListItem","position":5,"name":"Im G\u00e4nsemarsch zum Diedamskopf"}]},{"@type":"WebSite","@id":"https:\/\/www.simons-world.at\/rtw\/#website","url":"https:\/\/www.simons-world.at\/rtw\/","name":"Simons World","description":"Not just another Travel Blog","publisher":{"@id":"https:\/\/www.simons-world.at\/rtw\/#\/schema\/person\/34f3ecb2e9ff749782fee13191c36495"},"potentialAction":[{"@type":"SearchAction","target":{"@type":"EntryPoint","urlTemplate":"https:\/\/www.simons-world.at\/rtw\/?s={search_term_string}"},"query-input":{"@type":"PropertyValueSpecification","valueRequired":true,"valueName":"search_term_string"}}],"inLanguage":"de"},{"@type":["Person","Organization"],"@id":"https:\/\/www.simons-world.at\/rtw\/#\/schema\/person\/34f3ecb2e9ff749782fee13191c36495","name":"Simon","logo":{"@id":"https:\/\/www.simons-world.at\/rtw\/#\/schema\/person\/image\/"},"sameAs":["http:\/\/www.simons-world.at"]}]}},"jetpack_publicize_connections":[],"jetpack_featured_media_url":"https:\/\/www.simons-world.at\/rtw\/wp-content\/uploads\/2014\/07\/DSCF12831.jpg","jetpack_sharing_enabled":true,"_links":{"self":[{"href":"https:\/\/www.simons-world.at\/rtw\/wp-json\/wp\/v2\/posts\/4193","targetHints":{"allow":["GET"]}}],"collection":[{"href":"https:\/\/www.simons-world.at\/rtw\/wp-json\/wp\/v2\/posts"}],"about":[{"href":"https:\/\/www.simons-world.at\/rtw\/wp-json\/wp\/v2\/types\/post"}],"author":[{"embeddable":true,"href":"https:\/\/www.simons-world.at\/rtw\/wp-json\/wp\/v2\/users\/7"}],"replies":[{"embeddable":true,"href":"https:\/\/www.simons-world.at\/rtw\/wp-json\/wp\/v2\/comments?post=4193"}],"version-history":[{"count":5,"href":"https:\/\/www.simons-world.at\/rtw\/wp-json\/wp\/v2\/posts\/4193\/revisions"}],"predecessor-version":[{"id":8426,"href":"https:\/\/www.simons-world.at\/rtw\/wp-json\/wp\/v2\/posts\/4193\/revisions\/8426"}],"wp:featuredmedia":[{"embeddable":true,"href":"https:\/\/www.simons-world.at\/rtw\/wp-json\/wp\/v2\/media\/4208"}],"wp:attachment":[{"href":"https:\/\/www.simons-world.at\/rtw\/wp-json\/wp\/v2\/media?parent=4193"}],"wp:term":[{"taxonomy":"category","embeddable":true,"href":"https:\/\/www.simons-world.at\/rtw\/wp-json\/wp\/v2\/categories?post=4193"},{"taxonomy":"post_tag","embeddable":true,"href":"https:\/\/www.simons-world.at\/rtw\/wp-json\/wp\/v2\/tags?post=4193"}],"curies":[{"name":"wp","href":"https:\/\/api.w.org\/{rel}","templated":true}]}}