{"id":14943,"date":"2024-06-05T23:20:35","date_gmt":"2024-06-05T21:20:35","guid":{"rendered":"https:\/\/www.simons-world.at\/rtw\/?p=14943"},"modified":"2024-06-26T23:53:29","modified_gmt":"2024-06-26T21:53:29","slug":"heimaturlaub-die-lange-reise-nach-europa","status":"publish","type":"post","link":"https:\/\/www.simons-world.at\/rtw\/heimaturlaub-die-lange-reise-nach-europa\/","title":{"rendered":"Heimaturlaub: Die lange Reise nach Europa"},"content":{"rendered":"\n<p>L\u00e4ngst ist es kein Geheimnis mehr, viele von euch haben es mittlerweile \u00fcber meinen WhatsApp Status oder andere Kan\u00e4le erfahren: Nach sieben Jahren in Panama und sechs Jahre seit meinem letzten Besuch, bin ich zurzeit auf Heimaturlaub in \u00d6sterreich. Und das nicht alleine, sondern in Begleitung von Yuly. Wie es dazu kam und was ich so davon halte erfahrt ihr in den folgenden Zeilen.<\/p>\n\n\n\n<p>Tja, ich pers\u00f6nlich h\u00e4tte ehrlich gesagt kein Bed\u00fcrfnis gehabt, in meine alte Heimat zur\u00fcckzukehren. Ich f\u00fchle mich so wohl in Santa Fe, dass selbst ein Einkaufstrip nach Santiago immer wieder \u00dcberwindung kostet. Doch nach so vielen Jahren gingen mir irgendwann die Ausreden aus, warum ich denn nicht auf Besuch kommen kann.<\/p>\n\n\n\n<p>Auch mein Reisepass drohte langsam aber sicher abzulaufen und eine Neuausstellung im Ausland w\u00e4re recht kompliziert gewesen. Und dann war da noch Yuly, die bisher auch nicht aus Mittelamerika rausgekommen ist. Alles in allem waren es dann doch gen\u00fcgend Gr\u00fcnde, die lange Reise nach Europa anzutreten. Und das war ganz sch\u00f6n spannend.<\/p>\n\n\n\n<p>Mit dem kleinen Bus ging es erst nach Santiago, wo wir einen gro\u00dfen Reisebus Richtung Panama bestiegen. Und der hatte auf dem Weg in die Stadt eine Panne, worauf wir nach kurzer Wartezeit in einen anderen Bus umgeladen wurden. Problematisch war das nicht, denn weil ich ohnehin noch einige Dinge in der Stadt zu erledigen hatte, sind wir einen Tag fr\u00fcher gefahren.<\/p>\n\n\n\n<p>Die neue U-Bahn Linie 2 in Panama City brachte uns am darauffolgenden Tag bis direkt an den Flughafen ans brandneue Terminal 2. Und das wohlgemerkt f\u00fcr 50 Cent. Das Erlebnis an diesem Terminal z\u00e4hlte dann wohl zu den besten Erfahrungen die ich jemals an einem Flughafen gemacht habe. Alles brandneu und sauber wie geleckt.<\/p>\n\n\n\n<p>Der Check-In mit Gep\u00e4ckabgabe dauerte zwei Minuten. Weiter ging es zur Security, was ebenfalls in zwei Minuten erledigt war. Ein drittes Mal f\u00fcr zwei Minuten wurden wir noch beim Zoll aufgehalten, bis wir schlie\u00dflich ans Gate durften. Und ab da wurde das Erlebnis sp\u00fcrbar getr\u00fcbt. Seit meinem letzten Flug vor sechs Jahren scheint sich so einiges ge\u00e4ndert zu haben.<\/p>\n\n\n\n<p>Die Fl\u00fcge sind nicht nur teurer geworden, sondern beinhalten auch kein kostenloses Gep\u00e4ck mehr. Klar. Ich meine wer braucht schon Gep\u00e4ck auf einem transkontinentalen Flug? Auch s\u00e4mtliche Sachen an Board wirkten irgendwie flimschiger und billiger als zuvor. Angefangen vom Besteck \u00fcber die Kopfh\u00f6rer bis zum Essen. Da wurde gespart und das merkte man.<\/p>\n\n\n\n<figure class=\"wp-block-gallery has-nested-images columns-default is-cropped wp-block-gallery-1 is-layout-flex wp-block-gallery-is-layout-flex\">\n<figure class=\"wp-block-image size-large\"><a href=\"https:\/\/www.simons-world.at\/rtw\/wp-content\/uploads\/2024\/06\/WhatsApp-Image-2024-06-06-at-22.33.39_68e451c6.jpg\"><img loading=\"lazy\" decoding=\"async\" width=\"720\" height=\"540\" data-id=\"14949\" src=\"https:\/\/www.simons-world.at\/rtw\/wp-content\/uploads\/2024\/06\/WhatsApp-Image-2024-06-06-at-22.33.39_68e451c6-720x540.jpg\" alt=\"\" class=\"wp-image-14949\" srcset=\"https:\/\/www.simons-world.at\/rtw\/wp-content\/uploads\/2024\/06\/WhatsApp-Image-2024-06-06-at-22.33.39_68e451c6-720x540.jpg 720w, https:\/\/www.simons-world.at\/rtw\/wp-content\/uploads\/2024\/06\/WhatsApp-Image-2024-06-06-at-22.33.39_68e451c6-300x225.jpg 300w, https:\/\/www.simons-world.at\/rtw\/wp-content\/uploads\/2024\/06\/WhatsApp-Image-2024-06-06-at-22.33.39_68e451c6-768x576.jpg 768w, https:\/\/www.simons-world.at\/rtw\/wp-content\/uploads\/2024\/06\/WhatsApp-Image-2024-06-06-at-22.33.39_68e451c6-520x390.jpg 520w, https:\/\/www.simons-world.at\/rtw\/wp-content\/uploads\/2024\/06\/WhatsApp-Image-2024-06-06-at-22.33.39_68e451c6-320x240.jpg 320w, https:\/\/www.simons-world.at\/rtw\/wp-content\/uploads\/2024\/06\/WhatsApp-Image-2024-06-06-at-22.33.39_68e451c6.jpg 1280w\" sizes=\"auto, (max-width: 720px) 100vw, 720px\" \/><\/a><\/figure>\n\n\n\n<figure class=\"wp-block-image size-large\"><a href=\"https:\/\/www.simons-world.at\/rtw\/wp-content\/uploads\/2024\/06\/WhatsApp-Image-2024-06-06-at-22.33.39_68c451c6.jpg\"><img loading=\"lazy\" decoding=\"async\" width=\"540\" height=\"720\" data-id=\"14948\" src=\"https:\/\/www.simons-world.at\/rtw\/wp-content\/uploads\/2024\/06\/WhatsApp-Image-2024-06-06-at-22.33.39_68c451c6-540x720.jpg\" alt=\"\" class=\"wp-image-14948\" srcset=\"https:\/\/www.simons-world.at\/rtw\/wp-content\/uploads\/2024\/06\/WhatsApp-Image-2024-06-06-at-22.33.39_68c451c6-540x720.jpg 540w, https:\/\/www.simons-world.at\/rtw\/wp-content\/uploads\/2024\/06\/WhatsApp-Image-2024-06-06-at-22.33.39_68c451c6-225x300.jpg 225w, https:\/\/www.simons-world.at\/rtw\/wp-content\/uploads\/2024\/06\/WhatsApp-Image-2024-06-06-at-22.33.39_68c451c6-768x1024.jpg 768w, https:\/\/www.simons-world.at\/rtw\/wp-content\/uploads\/2024\/06\/WhatsApp-Image-2024-06-06-at-22.33.39_68c451c6-720x960.jpg 720w, https:\/\/www.simons-world.at\/rtw\/wp-content\/uploads\/2024\/06\/WhatsApp-Image-2024-06-06-at-22.33.39_68c451c6-520x693.jpg 520w, https:\/\/www.simons-world.at\/rtw\/wp-content\/uploads\/2024\/06\/WhatsApp-Image-2024-06-06-at-22.33.39_68c451c6-320x427.jpg 320w, https:\/\/www.simons-world.at\/rtw\/wp-content\/uploads\/2024\/06\/WhatsApp-Image-2024-06-06-at-22.33.39_68c451c6.jpg 960w\" sizes=\"auto, (max-width: 540px) 100vw, 540px\" \/><\/a><\/figure>\n\n\n\n<figure class=\"wp-block-image size-large\"><a href=\"https:\/\/www.simons-world.at\/rtw\/wp-content\/uploads\/2024\/06\/WhatsApp-Image-2024-06-06-at-22.33.39_ac5e8d7d.jpg\"><img loading=\"lazy\" decoding=\"async\" width=\"540\" height=\"720\" data-id=\"14947\" src=\"https:\/\/www.simons-world.at\/rtw\/wp-content\/uploads\/2024\/06\/WhatsApp-Image-2024-06-06-at-22.33.39_ac5e8d7d-540x720.jpg\" alt=\"\" class=\"wp-image-14947\" srcset=\"https:\/\/www.simons-world.at\/rtw\/wp-content\/uploads\/2024\/06\/WhatsApp-Image-2024-06-06-at-22.33.39_ac5e8d7d-540x720.jpg 540w, https:\/\/www.simons-world.at\/rtw\/wp-content\/uploads\/2024\/06\/WhatsApp-Image-2024-06-06-at-22.33.39_ac5e8d7d-225x300.jpg 225w, https:\/\/www.simons-world.at\/rtw\/wp-content\/uploads\/2024\/06\/WhatsApp-Image-2024-06-06-at-22.33.39_ac5e8d7d-768x1024.jpg 768w, https:\/\/www.simons-world.at\/rtw\/wp-content\/uploads\/2024\/06\/WhatsApp-Image-2024-06-06-at-22.33.39_ac5e8d7d-720x960.jpg 720w, https:\/\/www.simons-world.at\/rtw\/wp-content\/uploads\/2024\/06\/WhatsApp-Image-2024-06-06-at-22.33.39_ac5e8d7d-520x693.jpg 520w, https:\/\/www.simons-world.at\/rtw\/wp-content\/uploads\/2024\/06\/WhatsApp-Image-2024-06-06-at-22.33.39_ac5e8d7d-320x427.jpg 320w, https:\/\/www.simons-world.at\/rtw\/wp-content\/uploads\/2024\/06\/WhatsApp-Image-2024-06-06-at-22.33.39_ac5e8d7d.jpg 960w\" sizes=\"auto, (max-width: 540px) 100vw, 540px\" \/><\/a><\/figure>\n<\/figure>\n\n\n\n<p>Am schlimmsten war allerdings mein Mittelsitz, wo ich eingequetscht wie eine Sardine die 10 Stunden Flug verbrachte. Doch da Yuly einen Fensterplatz wollte und gleichzeitig nicht alleine sitzen, hatte ich da keine andere Wahl. Beim R\u00fcckflug werden wir das aber definitiv anders machen. Den kurzen Zwischenstopp in Amsterdam nutzte ich daf\u00fcr, mich ordentlich zu strecken. Wenig sp\u00e4ter ging es dann weiter nach Z\u00fcrich, wo wir am sp\u00e4ten Nachmittag ankamen.<\/p>\n\n\n\n<p>Beim Zoll gab es keine Probleme, auch Yuly lie\u00dfen sie anstandslos in die EU bzw. den Schengen Raum einreisen. Im Ankunftsbereich des Flughafens drehten wir absichtlich eine gro\u00dfe Runde, um am entfernten Ausgang rauszugehen. Meine Schwester und die gr\u00f6\u00dfte meiner drei Nichten, die vor dem anderen Ausgang auf uns warteten, \u00fcberraschten wir dann von hinten.<\/p>\n\n\n\n<p>Eine typische Simon Aktion halt. Es war ein sch\u00f6nes wiedersehen nach so langer Zeit. Speziell meine Nichte hat mich mehr als ihr halbes Leben lang nicht mehr gesehen. Da merkt man erst so richtig wie alt man ist bzw. wie schnell die Zeit vergeht. Weiter ging es mit dem Auto. Die letzten 120 km nach Dornbirn waren schnell zur\u00fcckgelegt.<\/p>\n\n\n\n<p>Und dort warteten schon meine Eltern in ihrer neuen Wohnung mit jeder Menge Essen auf uns. Nach der langen Reise hatte ich allerdings weniger Appetit und wollte erstmal ausruhen. Wenig sp\u00e4ter ging es also an die vorerst finale Destination. Am Fallenberg, rund 200 H\u00f6henmeter \u00fcber Dornbirn gelegen, durften wir die Einliegerwohnung meines Onkels beziehen.<\/p>\n\n\n\n<p>Die Temperatur dort war um die 10\u00b0C, die Aussicht auf das Rheintal hervorragend. Gr\u00fcne Wiesen mit K\u00fchen und Schafen, im Hintergrund war noch der Schnee auf den Bergspitzen zu sehen. Auch hier hatte meine Mama schon den K\u00fchlschrank gef\u00fcllt. Verhungern werden wir also definitiv nicht so schnell. Und dank des Heizl\u00fcfters in der Wohnung auch nicht erfrieren.<\/p>\n\n\n\n<p>Vor dem Haus stand ein Fiat Panda, den wir netterweise auch verwenden d\u00fcrfen. So werden wir die n\u00e4chsten Tage wohl damit verbringen, Vorarlberg zu erkunden. F\u00fcr Yuly ist das alles sowieso ganz neu, doch auch f\u00fcr mich hat sich so einiges ver\u00e4ndert. Tja, die Zeit bleibt halt nicht stehen. F\u00fcr all die Unterst\u00fctzung, das Essen, die Unterkunft und das Auto schonmal vielen Dank.<\/p>\n\n\n\n<p>Bis bald zum n\u00e4chsten Beitrag!<\/p>\n","protected":false},"excerpt":{"rendered":"<p>L\u00e4ngst ist es kein Geheimnis mehr, viele von euch haben es mittlerweile \u00fcber meinen WhatsApp Status oder andere Kan\u00e4le erfahren: Nach sieben Jahren in Panama und sechs Jahre seit meinem letzten Besuch, bin ich zurzeit auf Heimaturlaub in \u00d6sterreich. Und das nicht alleine,&#46;&#46;&#46;<\/p>\n","protected":false},"author":7,"featured_media":14945,"comment_status":"open","ping_status":"open","sticky":false,"template":"","format":"image","meta":{"ngg_post_thumbnail":0,"jetpack_post_was_ever_published":false,"_jetpack_newsletter_access":"","_jetpack_dont_email_post_to_subs":false,"_jetpack_newsletter_tier_id":0,"_jetpack_memberships_contains_paywalled_content":false,"_jetpack_memberships_contains_paid_content":false,"footnotes":"","jetpack_publicize_message":"","jetpack_publicize_feature_enabled":true,"jetpack_social_post_already_shared":true,"jetpack_social_options":{"image_generator_settings":{"template":"highway","default_image_id":0,"font":"","enabled":false},"version":2}},"categories":[1223],"tags":[22,1364,765,155],"class_list":["post-14943","post","type-post","status-publish","format-image","has-post-thumbnail","hentry","category-oesterreich","tag-flug","tag-oesterreich","tag-reise","tag-urlaub","post_format-post-format-image"],"geo":null,"yoast_head":"<!-- This site is optimized with the Yoast SEO plugin v27.5 - https:\/\/yoast.com\/product\/yoast-seo-wordpress\/ -->\n<title>Heimaturlaub: Die lange Reise nach Europa | Simons World<\/title>\n<meta name=\"description\" content=\"Heimaturlaub: Die lange Reise nach Europa\" \/>\n<meta name=\"robots\" content=\"index, follow, max-snippet:-1, max-image-preview:large, max-video-preview:-1\" \/>\n<link rel=\"canonical\" href=\"https:\/\/www.simons-world.at\/rtw\/heimaturlaub-die-lange-reise-nach-europa\/\" \/>\n<meta name=\"twitter:label1\" content=\"Verfasst von\" \/>\n\t<meta name=\"twitter:data1\" content=\"Simon\" \/>\n\t<meta name=\"twitter:label2\" content=\"Gesch\u00e4tzte Lesezeit\" \/>\n\t<meta name=\"twitter:data2\" content=\"6\u00a0Minuten\" \/>\n<script type=\"application\/ld+json\" class=\"yoast-schema-graph\">{\"@context\":\"https:\\\/\\\/schema.org\",\"@graph\":[{\"@type\":\"Article\",\"@id\":\"https:\\\/\\\/www.simons-world.at\\\/rtw\\\/heimaturlaub-die-lange-reise-nach-europa\\\/#article\",\"isPartOf\":{\"@id\":\"https:\\\/\\\/www.simons-world.at\\\/rtw\\\/heimaturlaub-die-lange-reise-nach-europa\\\/\"},\"author\":{\"name\":\"Simon\",\"@id\":\"https:\\\/\\\/www.simons-world.at\\\/rtw\\\/#\\\/schema\\\/person\\\/34f3ecb2e9ff749782fee13191c36495\"},\"headline\":\"Heimaturlaub: Die lange Reise nach Europa\",\"datePublished\":\"2024-06-05T21:20:35+00:00\",\"dateModified\":\"2024-06-26T21:53:29+00:00\",\"mainEntityOfPage\":{\"@id\":\"https:\\\/\\\/www.simons-world.at\\\/rtw\\\/heimaturlaub-die-lange-reise-nach-europa\\\/\"},\"wordCount\":808,\"commentCount\":2,\"publisher\":{\"@id\":\"https:\\\/\\\/www.simons-world.at\\\/rtw\\\/#\\\/schema\\\/person\\\/34f3ecb2e9ff749782fee13191c36495\"},\"image\":{\"@id\":\"https:\\\/\\\/www.simons-world.at\\\/rtw\\\/heimaturlaub-die-lange-reise-nach-europa\\\/#primaryimage\"},\"thumbnailUrl\":\"https:\\\/\\\/www.simons-world.at\\\/rtw\\\/wp-content\\\/uploads\\\/2024\\\/06\\\/20240523_194709.jpg\",\"keywords\":[\"Flug\",\"\u00d6sterreich\",\"Reise\",\"Urlaub\"],\"articleSection\":[\"\u00d6sterreich\"],\"inLanguage\":\"de\",\"potentialAction\":[{\"@type\":\"CommentAction\",\"name\":\"Comment\",\"target\":[\"https:\\\/\\\/www.simons-world.at\\\/rtw\\\/heimaturlaub-die-lange-reise-nach-europa\\\/#respond\"]}]},{\"@type\":\"WebPage\",\"@id\":\"https:\\\/\\\/www.simons-world.at\\\/rtw\\\/heimaturlaub-die-lange-reise-nach-europa\\\/\",\"url\":\"https:\\\/\\\/www.simons-world.at\\\/rtw\\\/heimaturlaub-die-lange-reise-nach-europa\\\/\",\"name\":\"Heimaturlaub: Die lange Reise nach Europa | Simons World\",\"isPartOf\":{\"@id\":\"https:\\\/\\\/www.simons-world.at\\\/rtw\\\/#website\"},\"primaryImageOfPage\":{\"@id\":\"https:\\\/\\\/www.simons-world.at\\\/rtw\\\/heimaturlaub-die-lange-reise-nach-europa\\\/#primaryimage\"},\"image\":{\"@id\":\"https:\\\/\\\/www.simons-world.at\\\/rtw\\\/heimaturlaub-die-lange-reise-nach-europa\\\/#primaryimage\"},\"thumbnailUrl\":\"https:\\\/\\\/www.simons-world.at\\\/rtw\\\/wp-content\\\/uploads\\\/2024\\\/06\\\/20240523_194709.jpg\",\"datePublished\":\"2024-06-05T21:20:35+00:00\",\"dateModified\":\"2024-06-26T21:53:29+00:00\",\"description\":\"Heimaturlaub: Die lange Reise nach Europa\",\"breadcrumb\":{\"@id\":\"https:\\\/\\\/www.simons-world.at\\\/rtw\\\/heimaturlaub-die-lange-reise-nach-europa\\\/#breadcrumb\"},\"inLanguage\":\"de\",\"potentialAction\":[{\"@type\":\"ReadAction\",\"target\":[\"https:\\\/\\\/www.simons-world.at\\\/rtw\\\/heimaturlaub-die-lange-reise-nach-europa\\\/\"]}]},{\"@type\":\"ImageObject\",\"inLanguage\":\"de\",\"@id\":\"https:\\\/\\\/www.simons-world.at\\\/rtw\\\/heimaturlaub-die-lange-reise-nach-europa\\\/#primaryimage\",\"url\":\"https:\\\/\\\/www.simons-world.at\\\/rtw\\\/wp-content\\\/uploads\\\/2024\\\/06\\\/20240523_194709.jpg\",\"contentUrl\":\"https:\\\/\\\/www.simons-world.at\\\/rtw\\\/wp-content\\\/uploads\\\/2024\\\/06\\\/20240523_194709.jpg\",\"width\":2695,\"height\":1200},{\"@type\":\"BreadcrumbList\",\"@id\":\"https:\\\/\\\/www.simons-world.at\\\/rtw\\\/heimaturlaub-die-lange-reise-nach-europa\\\/#breadcrumb\",\"itemListElement\":[{\"@type\":\"ListItem\",\"position\":1,\"name\":\"Home\",\"item\":\"https:\\\/\\\/www.simons-world.at\\\/rtw\\\/\"},{\"@type\":\"ListItem\",\"position\":2,\"name\":\"Destinationen\",\"item\":\"https:\\\/\\\/www.simons-world.at\\\/rtw\\\/category\\\/destinationen\\\/\"},{\"@type\":\"ListItem\",\"position\":3,\"name\":\"Europa\",\"item\":\"https:\\\/\\\/www.simons-world.at\\\/rtw\\\/category\\\/destinationen\\\/europa\\\/\"},{\"@type\":\"ListItem\",\"position\":4,\"name\":\"\u00d6sterreich\",\"item\":\"https:\\\/\\\/www.simons-world.at\\\/rtw\\\/category\\\/destinationen\\\/europa\\\/oesterreich\\\/\"},{\"@type\":\"ListItem\",\"position\":5,\"name\":\"Heimaturlaub: Die lange Reise nach Europa\"}]},{\"@type\":\"WebSite\",\"@id\":\"https:\\\/\\\/www.simons-world.at\\\/rtw\\\/#website\",\"url\":\"https:\\\/\\\/www.simons-world.at\\\/rtw\\\/\",\"name\":\"Simons World\",\"description\":\"Not just another Travel Blog\",\"publisher\":{\"@id\":\"https:\\\/\\\/www.simons-world.at\\\/rtw\\\/#\\\/schema\\\/person\\\/34f3ecb2e9ff749782fee13191c36495\"},\"potentialAction\":[{\"@type\":\"SearchAction\",\"target\":{\"@type\":\"EntryPoint\",\"urlTemplate\":\"https:\\\/\\\/www.simons-world.at\\\/rtw\\\/?s={search_term_string}\"},\"query-input\":{\"@type\":\"PropertyValueSpecification\",\"valueRequired\":true,\"valueName\":\"search_term_string\"}}],\"inLanguage\":\"de\"},{\"@type\":[\"Person\",\"Organization\"],\"@id\":\"https:\\\/\\\/www.simons-world.at\\\/rtw\\\/#\\\/schema\\\/person\\\/34f3ecb2e9ff749782fee13191c36495\",\"name\":\"Simon\",\"logo\":{\"@id\":\"https:\\\/\\\/www.simons-world.at\\\/rtw\\\/#\\\/schema\\\/person\\\/image\\\/\"},\"sameAs\":[\"http:\\\/\\\/www.simons-world.at\"]}]}<\/script>\n<!-- \/ Yoast SEO plugin. -->","yoast_head_json":{"title":"Heimaturlaub: Die lange Reise nach Europa | Simons World","description":"Heimaturlaub: Die lange Reise nach Europa","robots":{"index":"index","follow":"follow","max-snippet":"max-snippet:-1","max-image-preview":"max-image-preview:large","max-video-preview":"max-video-preview:-1"},"canonical":"https:\/\/www.simons-world.at\/rtw\/heimaturlaub-die-lange-reise-nach-europa\/","twitter_misc":{"Verfasst von":"Simon","Gesch\u00e4tzte Lesezeit":"6\u00a0Minuten"},"schema":{"@context":"https:\/\/schema.org","@graph":[{"@type":"Article","@id":"https:\/\/www.simons-world.at\/rtw\/heimaturlaub-die-lange-reise-nach-europa\/#article","isPartOf":{"@id":"https:\/\/www.simons-world.at\/rtw\/heimaturlaub-die-lange-reise-nach-europa\/"},"author":{"name":"Simon","@id":"https:\/\/www.simons-world.at\/rtw\/#\/schema\/person\/34f3ecb2e9ff749782fee13191c36495"},"headline":"Heimaturlaub: Die lange Reise nach Europa","datePublished":"2024-06-05T21:20:35+00:00","dateModified":"2024-06-26T21:53:29+00:00","mainEntityOfPage":{"@id":"https:\/\/www.simons-world.at\/rtw\/heimaturlaub-die-lange-reise-nach-europa\/"},"wordCount":808,"commentCount":2,"publisher":{"@id":"https:\/\/www.simons-world.at\/rtw\/#\/schema\/person\/34f3ecb2e9ff749782fee13191c36495"},"image":{"@id":"https:\/\/www.simons-world.at\/rtw\/heimaturlaub-die-lange-reise-nach-europa\/#primaryimage"},"thumbnailUrl":"https:\/\/www.simons-world.at\/rtw\/wp-content\/uploads\/2024\/06\/20240523_194709.jpg","keywords":["Flug","\u00d6sterreich","Reise","Urlaub"],"articleSection":["\u00d6sterreich"],"inLanguage":"de","potentialAction":[{"@type":"CommentAction","name":"Comment","target":["https:\/\/www.simons-world.at\/rtw\/heimaturlaub-die-lange-reise-nach-europa\/#respond"]}]},{"@type":"WebPage","@id":"https:\/\/www.simons-world.at\/rtw\/heimaturlaub-die-lange-reise-nach-europa\/","url":"https:\/\/www.simons-world.at\/rtw\/heimaturlaub-die-lange-reise-nach-europa\/","name":"Heimaturlaub: Die lange Reise nach Europa | Simons World","isPartOf":{"@id":"https:\/\/www.simons-world.at\/rtw\/#website"},"primaryImageOfPage":{"@id":"https:\/\/www.simons-world.at\/rtw\/heimaturlaub-die-lange-reise-nach-europa\/#primaryimage"},"image":{"@id":"https:\/\/www.simons-world.at\/rtw\/heimaturlaub-die-lange-reise-nach-europa\/#primaryimage"},"thumbnailUrl":"https:\/\/www.simons-world.at\/rtw\/wp-content\/uploads\/2024\/06\/20240523_194709.jpg","datePublished":"2024-06-05T21:20:35+00:00","dateModified":"2024-06-26T21:53:29+00:00","description":"Heimaturlaub: Die lange Reise nach Europa","breadcrumb":{"@id":"https:\/\/www.simons-world.at\/rtw\/heimaturlaub-die-lange-reise-nach-europa\/#breadcrumb"},"inLanguage":"de","potentialAction":[{"@type":"ReadAction","target":["https:\/\/www.simons-world.at\/rtw\/heimaturlaub-die-lange-reise-nach-europa\/"]}]},{"@type":"ImageObject","inLanguage":"de","@id":"https:\/\/www.simons-world.at\/rtw\/heimaturlaub-die-lange-reise-nach-europa\/#primaryimage","url":"https:\/\/www.simons-world.at\/rtw\/wp-content\/uploads\/2024\/06\/20240523_194709.jpg","contentUrl":"https:\/\/www.simons-world.at\/rtw\/wp-content\/uploads\/2024\/06\/20240523_194709.jpg","width":2695,"height":1200},{"@type":"BreadcrumbList","@id":"https:\/\/www.simons-world.at\/rtw\/heimaturlaub-die-lange-reise-nach-europa\/#breadcrumb","itemListElement":[{"@type":"ListItem","position":1,"name":"Home","item":"https:\/\/www.simons-world.at\/rtw\/"},{"@type":"ListItem","position":2,"name":"Destinationen","item":"https:\/\/www.simons-world.at\/rtw\/category\/destinationen\/"},{"@type":"ListItem","position":3,"name":"Europa","item":"https:\/\/www.simons-world.at\/rtw\/category\/destinationen\/europa\/"},{"@type":"ListItem","position":4,"name":"\u00d6sterreich","item":"https:\/\/www.simons-world.at\/rtw\/category\/destinationen\/europa\/oesterreich\/"},{"@type":"ListItem","position":5,"name":"Heimaturlaub: Die lange Reise nach Europa"}]},{"@type":"WebSite","@id":"https:\/\/www.simons-world.at\/rtw\/#website","url":"https:\/\/www.simons-world.at\/rtw\/","name":"Simons World","description":"Not just another Travel Blog","publisher":{"@id":"https:\/\/www.simons-world.at\/rtw\/#\/schema\/person\/34f3ecb2e9ff749782fee13191c36495"},"potentialAction":[{"@type":"SearchAction","target":{"@type":"EntryPoint","urlTemplate":"https:\/\/www.simons-world.at\/rtw\/?s={search_term_string}"},"query-input":{"@type":"PropertyValueSpecification","valueRequired":true,"valueName":"search_term_string"}}],"inLanguage":"de"},{"@type":["Person","Organization"],"@id":"https:\/\/www.simons-world.at\/rtw\/#\/schema\/person\/34f3ecb2e9ff749782fee13191c36495","name":"Simon","logo":{"@id":"https:\/\/www.simons-world.at\/rtw\/#\/schema\/person\/image\/"},"sameAs":["http:\/\/www.simons-world.at"]}]}},"jetpack_publicize_connections":[],"jetpack_featured_media_url":"https:\/\/www.simons-world.at\/rtw\/wp-content\/uploads\/2024\/06\/20240523_194709.jpg","jetpack_sharing_enabled":true,"_links":{"self":[{"href":"https:\/\/www.simons-world.at\/rtw\/wp-json\/wp\/v2\/posts\/14943","targetHints":{"allow":["GET"]}}],"collection":[{"href":"https:\/\/www.simons-world.at\/rtw\/wp-json\/wp\/v2\/posts"}],"about":[{"href":"https:\/\/www.simons-world.at\/rtw\/wp-json\/wp\/v2\/types\/post"}],"author":[{"embeddable":true,"href":"https:\/\/www.simons-world.at\/rtw\/wp-json\/wp\/v2\/users\/7"}],"replies":[{"embeddable":true,"href":"https:\/\/www.simons-world.at\/rtw\/wp-json\/wp\/v2\/comments?post=14943"}],"version-history":[{"count":4,"href":"https:\/\/www.simons-world.at\/rtw\/wp-json\/wp\/v2\/posts\/14943\/revisions"}],"predecessor-version":[{"id":14991,"href":"https:\/\/www.simons-world.at\/rtw\/wp-json\/wp\/v2\/posts\/14943\/revisions\/14991"}],"wp:featuredmedia":[{"embeddable":true,"href":"https:\/\/www.simons-world.at\/rtw\/wp-json\/wp\/v2\/media\/14945"}],"wp:attachment":[{"href":"https:\/\/www.simons-world.at\/rtw\/wp-json\/wp\/v2\/media?parent=14943"}],"wp:term":[{"taxonomy":"category","embeddable":true,"href":"https:\/\/www.simons-world.at\/rtw\/wp-json\/wp\/v2\/categories?post=14943"},{"taxonomy":"post_tag","embeddable":true,"href":"https:\/\/www.simons-world.at\/rtw\/wp-json\/wp\/v2\/tags?post=14943"}],"curies":[{"name":"wp","href":"https:\/\/api.w.org\/{rel}","templated":true}]}}