{"id":14457,"date":"2023-10-31T23:01:00","date_gmt":"2023-10-31T21:01:00","guid":{"rendered":"https:\/\/www.simons-world.at\/rtw\/?p=14457"},"modified":"2023-11-01T03:03:58","modified_gmt":"2023-11-01T01:03:58","slug":"la-buena-vida-en-santa-fe-si-a-la-vida-no-a-la-mineria","status":"publish","type":"post","link":"https:\/\/www.simons-world.at\/rtw\/la-buena-vida-en-santa-fe-si-a-la-vida-no-a-la-mineria\/","title":{"rendered":"La Buena Vida en Santa Fe: S\u00ed a la vida, no a la Miner\u00eda!"},"content":{"rendered":"\n<p>In Panama brennen die Stra\u00dfen. Seit Wochen sind zehntausende Leute im ganzen Land auf den Beinen. Sie marschieren, singen, schwingen Fahnen und blockieren Hauptverbindungsstra\u00dfen in allen Provinzen. Sie skandieren Spr\u00fcche wie \u201ePanama ist mehr Wert ohne Bergbau!\u201c oder \u201eDie Heimat steht nicht zum Verkauf!\u201c.<\/p>\n\n\n\n<p>Was war Stein des Ansto\u00dfes? Wir alle haben schon diese Geschichten geh\u00f6rt. Westliche Firmen fallen in \u00e4rmere L\u00e4nder ein, korrumpieren die Regierung und bedienen sich an den \u00fcppigen Rohstoffvorkommen. Umweltschutzaspekte genauso wie die Rechte der indigenen Bev\u00f6lkerung werden dabei mit F\u00fc\u00dfen getreten. Die Rohstoffe ebenso wie die Milliardengewinne gehen ins Ausland, der lokalen Bev\u00f6lkerung bleiben oft nur enorme Umweltsch\u00e4den und hohe Gesundheitsrisiken.<\/p>\n\n\n\n<p>So geschehen in unz\u00e4hligen F\u00e4llen in den verschiedensten L\u00e4ndern. Ihr kennt das ja, das sind die sogenannten \u201ewestlichen Werte\u201c oder besser gesagt Mehrwerte. W\u00e4hrend man sich zu Hause der l\u00e4cherlichen CO2-Propaganda verschreibt, den Moralapostel spielt und sich auf die Stra\u00dfen klebt, zerst\u00f6rt und verseucht man munter weit entfernte L\u00e4nder. Die doppelte Moral der sogenannten Wertegemeinschaft st\u00f6rt mich schon lange und war mit ein Grund f\u00fcr mich, diesem System den R\u00fccken zu kehren.<\/p>\n\n\n\n<p>Ganz so einfach erkl\u00e4rt ist die Situation hier allerdings nicht. Grund des Ansto\u00dfes war die Unterzeichnung eines Gesetzes, welches einem kanadischen Bergbauunternehmen erlaubt, f\u00fcr die n\u00e4chsten 40 Jahre im Regenwald im Norden des Landes Kupfer und andere Mineralien abzubauen. Die Geschichte des Bergbaus geht in Panama jedoch schon Jahrzehnte zur\u00fcck.<\/p>\n\n\n<div class=\"wp-block-image\">\n<figure class=\"aligncenter size-full\"><a href=\"https:\/\/www.simons-world.at\/rtw\/wp-content\/uploads\/2023\/11\/Mineria-Panama.jpg\"><img loading=\"lazy\" decoding=\"async\" width=\"1600\" height=\"771\" src=\"https:\/\/www.simons-world.at\/rtw\/wp-content\/uploads\/2023\/11\/Mineria-Panama.jpg\" alt=\"\" class=\"wp-image-14459\" srcset=\"https:\/\/www.simons-world.at\/rtw\/wp-content\/uploads\/2023\/11\/Mineria-Panama.jpg 1600w, https:\/\/www.simons-world.at\/rtw\/wp-content\/uploads\/2023\/11\/Mineria-Panama-300x145.jpg 300w, https:\/\/www.simons-world.at\/rtw\/wp-content\/uploads\/2023\/11\/Mineria-Panama-720x347.jpg 720w, https:\/\/www.simons-world.at\/rtw\/wp-content\/uploads\/2023\/11\/Mineria-Panama-768x370.jpg 768w, https:\/\/www.simons-world.at\/rtw\/wp-content\/uploads\/2023\/11\/Mineria-Panama-1536x740.jpg 1536w, https:\/\/www.simons-world.at\/rtw\/wp-content\/uploads\/2023\/11\/Mineria-Panama-520x251.jpg 520w, https:\/\/www.simons-world.at\/rtw\/wp-content\/uploads\/2023\/11\/Mineria-Panama-320x154.jpg 320w\" sizes=\"auto, (max-width: 1600px) 100vw, 1600px\" \/><\/a><figcaption class=\"wp-element-caption\">Wie ein Krebsgeschw\u00fcr frisst sich die Mine in den Regenwald (Bild: Google Earth)<\/figcaption><\/figure>\n<\/div>\n\n\n<p>Genau genommen musste n\u00e4mlich ein existierender Vertrag aus dem Jahre 1997 neuverhandelt werden. Der oberste Gerichtshof Panamas hatte ihn im Dezember 2017 f\u00fcr verfassungswidrig erkl\u00e4rt. Der Vertrag w\u00fcrde nicht den gr\u00f6\u00dften Nutzen f\u00fcr den Staat sicherstellen und dem sozialen Wohl sowie dem \u00f6ffentlichen Interesse diametral gegen\u00fcberstehen. Fr\u00fcher nannte man sowas Kolonialismus.<\/p>\n\n\n\n<p>Die Neuverhandlung hat nun fast sechs Jahre gedauert und zugegebenerma\u00dfen sind die neuen Vertragskonditionen deutlich zum Vorteil f\u00fcr Panama und die Panamesen ausgefallen. Der Bergbau tr\u00e4gt hier mit fast 5% zum Bruttoinlandsprodukt bei und schafft 40.000 direkte und indirekte Arbeitspl\u00e4tze. Die Verhandlungen waren allerdings intransparent und gegen den Widerstand von Umwelt- und Menschenrechtsaktivisten.<\/p>\n\n\n\n<p>Die Menschen sind der Ansicht, dass der neue Vertrag dem kanadischen Bergbauunternehmen zu viele Vorteile und Befugnisse auf einer Fl\u00e4che von fast 13.000 Hektar einr\u00e4umt. Dabei geht es nicht nur um die gro\u00dffl\u00e4chige Zerst\u00f6rung einzigartiger \u00d6kosysteme, sondern auch um den massiven Wasserverbrauch und die gigantischen Mengen an hochgiftigen Neben- und Abfallprodukten der Mine, welche Fl\u00fcsse und Grundwasser nachhaltig verseuchen.<\/p>\n\n\n\n<figure class=\"wp-block-video\"><video height=\"1280\" style=\"aspect-ratio: 720 \/ 1280;\" width=\"720\" controls src=\"https:\/\/www.simons-world.at\/rtw\/wp-content\/uploads\/2023\/11\/Santiago.mp4\"><\/video><\/figure>\n\n\n\n<p>Dass Panama dieses Jahr in vielen Landesteilen unter einer D\u00fcrre leidet, versch\u00e4rft die Situation zus\u00e4tzlich. Das Land ist abh\u00e4ngig von seinem Wasserreservoir zur Versorgung der Bev\u00f6lkerung, Landwirtschaft und nicht zuletzt dem wirtschaftlich so wichtigen Panama Kanal. Und nun sollen Jahr f\u00fcr Jahr Milliarden Liter Wasser in einer Mine verseucht werden?<\/p>\n\n\n\n<p>Erschwerend kommt die allgemeine Stimmung im Lande hinzu. Die Zustimmungsraten der Regierung sind zuletzt auf historische Tiefs gefallen, Korruption und Misswirtschaft greifen um sich. Und da hat der Kongress am 20. Oktober mit Billigung des neuen Bergbauvertrags eine gigantische Lawine losgetreten. Die Ablehnung in der Bev\u00f6lkerung ist so gro\u00df, es sind die gr\u00f6\u00dften Proteste seit dem Kampf gegen die Milit\u00e4rdiktatur Ende der 80er Jahre.<\/p>\n\n\n\n<p>In einer selbst f\u00fcr Panama ungew\u00f6hnlichen Dimension schlossen sich t\u00e4glich zehntausende von B\u00fcrgern an, mit Stra\u00dfenblockaden in der Hauptstadt und den Provinzen, Streiks von Lehrern, \u00c4rzten, Bauarbeitern, Transportunternehmen und Gewerkschaften. Der Unterricht an den \u00f6ffentlichen Schulen wurde seitdem ausgesetzt.<\/p>\n\n\n\n<p>Das ganze Land steht still und ist gleichzeitig auf den Beinen. Seit nunmehr 11 Tagen gibt es kein durchkommen auf den Stra\u00dfen. Besonders im Ballungsgebiet gehen bereits die Lebensmittelvorr\u00e4te zur Neige. Auf den Feldern und den in langen Kolonnen stehenden LKWs verschimmelt die Ernte. Der wirtschaftliche Schaden ist bereits enorm, doch auch das Gesundheitssystem droht langsam zusammenzubrechen, denn in den Krankenh\u00e4usern fehlt es an Medikamenten und Verbrauchsmaterialien.<\/p>\n\n\n\n<p>In seiner mittlerweile dritten Botschaft an die Nation w\u00e4hrend der Proteste, k\u00fcndigte Pr\u00e4sident Cortizo am vergangenen Sonntagabend an, eine Volksbefragung einzuberufen. So soll die Bev\u00f6lkerung am 17. Dezember entscheiden, ob der Vertrag aufgehoben werden soll oder nicht. Die Panamesen akzeptierten das jedoch nicht und fordern nach wie vor die sofortige Aufhebung des Vertrags.<\/p>\n\n\n\n<p>So einfach soll das jedoch nicht sein, warnen Anw\u00e4lte und Rechtsexperten. Bei Annullierung des Vertrags w\u00fcrde sich das Land milliardenschweren Klagen vor internationalen Gerichten aussetzen. Sogar das \u201eInvestment Grate\u201c Rating Panamas k\u00f6nnte dadurch abgestuft werden. Klar, das Imperium hat vorgesorgt und wie \u00fcblich alle Daumenschrauben angezogen, um seine Interessen gegen den Willen und die Rechte der lokalen Bev\u00f6lkerung durchzusetzen.<\/p>\n\n\n\n<p>Die Panamesen zeigen sich davon allerdings unbeeindruckt. Unbeirrt ziehen sie Tag und Nacht, bei Regen und Sonne pausenlos durch die Stra\u00dfen und k\u00e4mpfen f\u00fcr ein Panama ohne Bergbau. F\u00fcr mich ist das ein besonderes Schauspiel. Obwohl der Westen sich bei allem was er macht so \u00fcberlegen f\u00fchlt, lassen die Panamesen sich nicht so einfach instrumentalisieren um anderer Leute Kriege anzuheizen oder gegen einen nat\u00fcrlichen Klimawandel zu demonstrieren.<\/p>\n\n\n\n<figure class=\"wp-block-video\"><video height=\"864\" style=\"aspect-ratio: 640 \/ 864;\" width=\"640\" controls src=\"https:\/\/www.simons-world.at\/rtw\/wp-content\/uploads\/2023\/11\/Santa-Fe.mp4\"><\/video><figcaption class=\"wp-element-caption\">Proteste in Santa Fe, Veraguas<\/figcaption><\/figure>\n\n\n\n<p>Nein. Sie demonstrieren f\u00fcr ihr Land, f\u00fcr ihre Zukunft und f\u00fcr ihre Rechte. Stolz schwingen sie dabei die panamesische Flagge, singen die Nationalhymne und erheben sich in ungekannter Einigkeit gegen die Regierung. Und das nicht nur f\u00fcr zwei Stunden an einem sonnigen Sonntagnachmittag, sondern durchgehend seit 11 Tagen und N\u00e4chten. Kein Ende in Sicht.<\/p>\n\n\n\n<p>Die Leidensf\u00e4higkeit fasziniert mich. Die Entschlossenheit der Bev\u00f6lkerung, hier und jetzt dem ganzen ein Ende zu setzen, ist ungebrochen und wird jeden Tag nur noch st\u00e4rker. In der Gro\u00dfstadt gibt es dabei immer mal wieder gewaltt\u00e4tige Auseinandersetzungen und Festnahmen. Das Protestzentrum in unserer Gegend ist Santiago, wo Demonstranten aus der ganzen Provinz angereist sind.<\/p>\n\n\n\n<p>In Santa Fe ist das alles wie \u00fcblich ein wenig beschaulicher. Doch auch hier ist seit Tagen die Br\u00fccke gesperrt. Es gibt keine Busse und selbst die Taxifahrer waren heute im Streik. Die Panamesen bleiben hart, auch wenn sie sich dabei ins eigene Fleisch schneiden. Lieber ein paar Wochen leiden als weitere 40 Jahre Zerst\u00f6rung und Ausbeutung zuzulassen.<\/p>\n\n\n\n<p>Ich stehe dabei an ihrer Seite und bin dankbar f\u00fcr den Einsatz und die Opfer die sie f\u00fcr ihr Land erbringen. Schlie\u00dflich ist es unser aller Heimat. Noch gibt es Lebensmittel in der Cooperativa, wie lange die Situation andauern wird ist momentan nicht absehbar.<\/p>\n\n\n\n<p>Yuly und ich haben derweil zu Hause genug zu tun. Ich halte euch auf dem laufenden, bis zum n\u00e4chsten Mal!<\/p>\n","protected":false},"excerpt":{"rendered":"<p>In Panama brennen die Stra\u00dfen. Seit Wochen sind zehntausende Leute im ganzen Land auf den Beinen. Sie marschieren, singen, schwingen Fahnen und blockieren Hauptverbindungsstra\u00dfen in allen Provinzen. Sie skandieren Spr\u00fcche wie \u201ePanama ist mehr Wert ohne Bergbau!\u201c oder \u201eDie Heimat steht nicht zum&#46;&#46;&#46;<\/p>\n","protected":false},"author":7,"featured_media":14467,"comment_status":"open","ping_status":"open","sticky":false,"template":"","format":"image","meta":{"ngg_post_thumbnail":0,"jetpack_post_was_ever_published":false,"_jetpack_newsletter_access":"","_jetpack_dont_email_post_to_subs":false,"_jetpack_newsletter_tier_id":0,"_jetpack_memberships_contains_paywalled_content":false,"_jetpack_memberships_contains_paid_content":false,"footnotes":"","jetpack_publicize_message":"","jetpack_publicize_feature_enabled":true,"jetpack_social_post_already_shared":true,"jetpack_social_options":{"image_generator_settings":{"template":"highway","default_image_id":0,"font":"","enabled":false},"version":2}},"categories":[1534],"tags":[1752,1751,1408,1750],"class_list":["post-14457","post","type-post","status-publish","format-image","has-post-thumbnail","hentry","category-buena-vida-en-santa-fe","tag-bergbau","tag-mine","tag-panama","tag-proteste","post_format-post-format-image"],"geo":null,"yoast_head":"<!-- This site is optimized with the Yoast SEO plugin v27.5 - https:\/\/yoast.com\/product\/yoast-seo-wordpress\/ -->\n<title>La Buena Vida en Santa Fe: S\u00ed a la vida, no a la Miner\u00eda! | Simons World<\/title>\n<meta name=\"description\" content=\"La Buena Vida en Santa Fe: S\u00ed a la vida, no a la Miner\u00eda!\" \/>\n<meta name=\"robots\" content=\"index, follow, max-snippet:-1, max-image-preview:large, max-video-preview:-1\" \/>\n<link rel=\"canonical\" href=\"https:\/\/www.simons-world.at\/rtw\/la-buena-vida-en-santa-fe-si-a-la-vida-no-a-la-mineria\/\" \/>\n<meta name=\"twitter:label1\" content=\"Verfasst von\" \/>\n\t<meta name=\"twitter:data1\" content=\"Simon\" \/>\n\t<meta name=\"twitter:label2\" content=\"Gesch\u00e4tzte Lesezeit\" \/>\n\t<meta name=\"twitter:data2\" content=\"6\u00a0Minuten\" \/>\n<script type=\"application\/ld+json\" class=\"yoast-schema-graph\">{\"@context\":\"https:\\\/\\\/schema.org\",\"@graph\":[{\"@type\":\"Article\",\"@id\":\"https:\\\/\\\/www.simons-world.at\\\/rtw\\\/la-buena-vida-en-santa-fe-si-a-la-vida-no-a-la-mineria\\\/#article\",\"isPartOf\":{\"@id\":\"https:\\\/\\\/www.simons-world.at\\\/rtw\\\/la-buena-vida-en-santa-fe-si-a-la-vida-no-a-la-mineria\\\/\"},\"author\":{\"name\":\"Simon\",\"@id\":\"https:\\\/\\\/www.simons-world.at\\\/rtw\\\/#\\\/schema\\\/person\\\/34f3ecb2e9ff749782fee13191c36495\"},\"headline\":\"La Buena Vida en Santa Fe: S\u00ed a la vida, no a la Miner\u00eda!\",\"datePublished\":\"2023-10-31T21:01:00+00:00\",\"dateModified\":\"2023-11-01T01:03:58+00:00\",\"mainEntityOfPage\":{\"@id\":\"https:\\\/\\\/www.simons-world.at\\\/rtw\\\/la-buena-vida-en-santa-fe-si-a-la-vida-no-a-la-mineria\\\/\"},\"wordCount\":1135,\"commentCount\":0,\"publisher\":{\"@id\":\"https:\\\/\\\/www.simons-world.at\\\/rtw\\\/#\\\/schema\\\/person\\\/34f3ecb2e9ff749782fee13191c36495\"},\"image\":{\"@id\":\"https:\\\/\\\/www.simons-world.at\\\/rtw\\\/la-buena-vida-en-santa-fe-si-a-la-vida-no-a-la-mineria\\\/#primaryimage\"},\"thumbnailUrl\":\"https:\\\/\\\/www.simons-world.at\\\/rtw\\\/wp-content\\\/uploads\\\/2023\\\/11\\\/Panama-Protesta.jpg\",\"keywords\":[\"Bergbau\",\"Mine\",\"Panama\",\"Proteste\"],\"articleSection\":[\"Buena Vida en Santa Fe\"],\"inLanguage\":\"de\",\"potentialAction\":[{\"@type\":\"CommentAction\",\"name\":\"Comment\",\"target\":[\"https:\\\/\\\/www.simons-world.at\\\/rtw\\\/la-buena-vida-en-santa-fe-si-a-la-vida-no-a-la-mineria\\\/#respond\"]}]},{\"@type\":\"WebPage\",\"@id\":\"https:\\\/\\\/www.simons-world.at\\\/rtw\\\/la-buena-vida-en-santa-fe-si-a-la-vida-no-a-la-mineria\\\/\",\"url\":\"https:\\\/\\\/www.simons-world.at\\\/rtw\\\/la-buena-vida-en-santa-fe-si-a-la-vida-no-a-la-mineria\\\/\",\"name\":\"La Buena Vida en Santa Fe: S\u00ed a la vida, no a la Miner\u00eda! | Simons World\",\"isPartOf\":{\"@id\":\"https:\\\/\\\/www.simons-world.at\\\/rtw\\\/#website\"},\"primaryImageOfPage\":{\"@id\":\"https:\\\/\\\/www.simons-world.at\\\/rtw\\\/la-buena-vida-en-santa-fe-si-a-la-vida-no-a-la-mineria\\\/#primaryimage\"},\"image\":{\"@id\":\"https:\\\/\\\/www.simons-world.at\\\/rtw\\\/la-buena-vida-en-santa-fe-si-a-la-vida-no-a-la-mineria\\\/#primaryimage\"},\"thumbnailUrl\":\"https:\\\/\\\/www.simons-world.at\\\/rtw\\\/wp-content\\\/uploads\\\/2023\\\/11\\\/Panama-Protesta.jpg\",\"datePublished\":\"2023-10-31T21:01:00+00:00\",\"dateModified\":\"2023-11-01T01:03:58+00:00\",\"description\":\"La Buena Vida en Santa Fe: S\u00ed a la vida, no a la Miner\u00eda!\",\"breadcrumb\":{\"@id\":\"https:\\\/\\\/www.simons-world.at\\\/rtw\\\/la-buena-vida-en-santa-fe-si-a-la-vida-no-a-la-mineria\\\/#breadcrumb\"},\"inLanguage\":\"de\",\"potentialAction\":[{\"@type\":\"ReadAction\",\"target\":[\"https:\\\/\\\/www.simons-world.at\\\/rtw\\\/la-buena-vida-en-santa-fe-si-a-la-vida-no-a-la-mineria\\\/\"]}]},{\"@type\":\"ImageObject\",\"inLanguage\":\"de\",\"@id\":\"https:\\\/\\\/www.simons-world.at\\\/rtw\\\/la-buena-vida-en-santa-fe-si-a-la-vida-no-a-la-mineria\\\/#primaryimage\",\"url\":\"https:\\\/\\\/www.simons-world.at\\\/rtw\\\/wp-content\\\/uploads\\\/2023\\\/11\\\/Panama-Protesta.jpg\",\"contentUrl\":\"https:\\\/\\\/www.simons-world.at\\\/rtw\\\/wp-content\\\/uploads\\\/2023\\\/11\\\/Panama-Protesta.jpg\",\"width\":2695,\"height\":1200,\"caption\":\"Bild: EFE\"},{\"@type\":\"BreadcrumbList\",\"@id\":\"https:\\\/\\\/www.simons-world.at\\\/rtw\\\/la-buena-vida-en-santa-fe-si-a-la-vida-no-a-la-mineria\\\/#breadcrumb\",\"itemListElement\":[{\"@type\":\"ListItem\",\"position\":1,\"name\":\"Home\",\"item\":\"https:\\\/\\\/www.simons-world.at\\\/rtw\\\/\"},{\"@type\":\"ListItem\",\"position\":2,\"name\":\"Leben in Panama\",\"item\":\"https:\\\/\\\/www.simons-world.at\\\/rtw\\\/category\\\/leben-in-panama\\\/\"},{\"@type\":\"ListItem\",\"position\":3,\"name\":\"Buena Vida en Santa Fe\",\"item\":\"https:\\\/\\\/www.simons-world.at\\\/rtw\\\/category\\\/leben-in-panama\\\/buena-vida-en-santa-fe\\\/\"},{\"@type\":\"ListItem\",\"position\":4,\"name\":\"La Buena Vida en Santa Fe: S\u00ed a la vida, no a la Miner\u00eda!\"}]},{\"@type\":\"WebSite\",\"@id\":\"https:\\\/\\\/www.simons-world.at\\\/rtw\\\/#website\",\"url\":\"https:\\\/\\\/www.simons-world.at\\\/rtw\\\/\",\"name\":\"Simons World\",\"description\":\"Not just another Travel Blog\",\"publisher\":{\"@id\":\"https:\\\/\\\/www.simons-world.at\\\/rtw\\\/#\\\/schema\\\/person\\\/34f3ecb2e9ff749782fee13191c36495\"},\"potentialAction\":[{\"@type\":\"SearchAction\",\"target\":{\"@type\":\"EntryPoint\",\"urlTemplate\":\"https:\\\/\\\/www.simons-world.at\\\/rtw\\\/?s={search_term_string}\"},\"query-input\":{\"@type\":\"PropertyValueSpecification\",\"valueRequired\":true,\"valueName\":\"search_term_string\"}}],\"inLanguage\":\"de\"},{\"@type\":[\"Person\",\"Organization\"],\"@id\":\"https:\\\/\\\/www.simons-world.at\\\/rtw\\\/#\\\/schema\\\/person\\\/34f3ecb2e9ff749782fee13191c36495\",\"name\":\"Simon\",\"logo\":{\"@id\":\"https:\\\/\\\/www.simons-world.at\\\/rtw\\\/#\\\/schema\\\/person\\\/image\\\/\"},\"sameAs\":[\"http:\\\/\\\/www.simons-world.at\"]}]}<\/script>\n<!-- \/ Yoast SEO plugin. -->","yoast_head_json":{"title":"La Buena Vida en Santa Fe: S\u00ed a la vida, no a la Miner\u00eda! | Simons World","description":"La Buena Vida en Santa Fe: S\u00ed a la vida, no a la Miner\u00eda!","robots":{"index":"index","follow":"follow","max-snippet":"max-snippet:-1","max-image-preview":"max-image-preview:large","max-video-preview":"max-video-preview:-1"},"canonical":"https:\/\/www.simons-world.at\/rtw\/la-buena-vida-en-santa-fe-si-a-la-vida-no-a-la-mineria\/","twitter_misc":{"Verfasst von":"Simon","Gesch\u00e4tzte Lesezeit":"6\u00a0Minuten"},"schema":{"@context":"https:\/\/schema.org","@graph":[{"@type":"Article","@id":"https:\/\/www.simons-world.at\/rtw\/la-buena-vida-en-santa-fe-si-a-la-vida-no-a-la-mineria\/#article","isPartOf":{"@id":"https:\/\/www.simons-world.at\/rtw\/la-buena-vida-en-santa-fe-si-a-la-vida-no-a-la-mineria\/"},"author":{"name":"Simon","@id":"https:\/\/www.simons-world.at\/rtw\/#\/schema\/person\/34f3ecb2e9ff749782fee13191c36495"},"headline":"La Buena Vida en Santa Fe: S\u00ed a la vida, no a la Miner\u00eda!","datePublished":"2023-10-31T21:01:00+00:00","dateModified":"2023-11-01T01:03:58+00:00","mainEntityOfPage":{"@id":"https:\/\/www.simons-world.at\/rtw\/la-buena-vida-en-santa-fe-si-a-la-vida-no-a-la-mineria\/"},"wordCount":1135,"commentCount":0,"publisher":{"@id":"https:\/\/www.simons-world.at\/rtw\/#\/schema\/person\/34f3ecb2e9ff749782fee13191c36495"},"image":{"@id":"https:\/\/www.simons-world.at\/rtw\/la-buena-vida-en-santa-fe-si-a-la-vida-no-a-la-mineria\/#primaryimage"},"thumbnailUrl":"https:\/\/www.simons-world.at\/rtw\/wp-content\/uploads\/2023\/11\/Panama-Protesta.jpg","keywords":["Bergbau","Mine","Panama","Proteste"],"articleSection":["Buena Vida en Santa Fe"],"inLanguage":"de","potentialAction":[{"@type":"CommentAction","name":"Comment","target":["https:\/\/www.simons-world.at\/rtw\/la-buena-vida-en-santa-fe-si-a-la-vida-no-a-la-mineria\/#respond"]}]},{"@type":"WebPage","@id":"https:\/\/www.simons-world.at\/rtw\/la-buena-vida-en-santa-fe-si-a-la-vida-no-a-la-mineria\/","url":"https:\/\/www.simons-world.at\/rtw\/la-buena-vida-en-santa-fe-si-a-la-vida-no-a-la-mineria\/","name":"La Buena Vida en Santa Fe: S\u00ed a la vida, no a la Miner\u00eda! | Simons World","isPartOf":{"@id":"https:\/\/www.simons-world.at\/rtw\/#website"},"primaryImageOfPage":{"@id":"https:\/\/www.simons-world.at\/rtw\/la-buena-vida-en-santa-fe-si-a-la-vida-no-a-la-mineria\/#primaryimage"},"image":{"@id":"https:\/\/www.simons-world.at\/rtw\/la-buena-vida-en-santa-fe-si-a-la-vida-no-a-la-mineria\/#primaryimage"},"thumbnailUrl":"https:\/\/www.simons-world.at\/rtw\/wp-content\/uploads\/2023\/11\/Panama-Protesta.jpg","datePublished":"2023-10-31T21:01:00+00:00","dateModified":"2023-11-01T01:03:58+00:00","description":"La Buena Vida en Santa Fe: S\u00ed a la vida, no a la Miner\u00eda!","breadcrumb":{"@id":"https:\/\/www.simons-world.at\/rtw\/la-buena-vida-en-santa-fe-si-a-la-vida-no-a-la-mineria\/#breadcrumb"},"inLanguage":"de","potentialAction":[{"@type":"ReadAction","target":["https:\/\/www.simons-world.at\/rtw\/la-buena-vida-en-santa-fe-si-a-la-vida-no-a-la-mineria\/"]}]},{"@type":"ImageObject","inLanguage":"de","@id":"https:\/\/www.simons-world.at\/rtw\/la-buena-vida-en-santa-fe-si-a-la-vida-no-a-la-mineria\/#primaryimage","url":"https:\/\/www.simons-world.at\/rtw\/wp-content\/uploads\/2023\/11\/Panama-Protesta.jpg","contentUrl":"https:\/\/www.simons-world.at\/rtw\/wp-content\/uploads\/2023\/11\/Panama-Protesta.jpg","width":2695,"height":1200,"caption":"Bild: EFE"},{"@type":"BreadcrumbList","@id":"https:\/\/www.simons-world.at\/rtw\/la-buena-vida-en-santa-fe-si-a-la-vida-no-a-la-mineria\/#breadcrumb","itemListElement":[{"@type":"ListItem","position":1,"name":"Home","item":"https:\/\/www.simons-world.at\/rtw\/"},{"@type":"ListItem","position":2,"name":"Leben in Panama","item":"https:\/\/www.simons-world.at\/rtw\/category\/leben-in-panama\/"},{"@type":"ListItem","position":3,"name":"Buena Vida en Santa Fe","item":"https:\/\/www.simons-world.at\/rtw\/category\/leben-in-panama\/buena-vida-en-santa-fe\/"},{"@type":"ListItem","position":4,"name":"La Buena Vida en Santa Fe: S\u00ed a la vida, no a la Miner\u00eda!"}]},{"@type":"WebSite","@id":"https:\/\/www.simons-world.at\/rtw\/#website","url":"https:\/\/www.simons-world.at\/rtw\/","name":"Simons World","description":"Not just another Travel Blog","publisher":{"@id":"https:\/\/www.simons-world.at\/rtw\/#\/schema\/person\/34f3ecb2e9ff749782fee13191c36495"},"potentialAction":[{"@type":"SearchAction","target":{"@type":"EntryPoint","urlTemplate":"https:\/\/www.simons-world.at\/rtw\/?s={search_term_string}"},"query-input":{"@type":"PropertyValueSpecification","valueRequired":true,"valueName":"search_term_string"}}],"inLanguage":"de"},{"@type":["Person","Organization"],"@id":"https:\/\/www.simons-world.at\/rtw\/#\/schema\/person\/34f3ecb2e9ff749782fee13191c36495","name":"Simon","logo":{"@id":"https:\/\/www.simons-world.at\/rtw\/#\/schema\/person\/image\/"},"sameAs":["http:\/\/www.simons-world.at"]}]}},"jetpack_publicize_connections":[],"jetpack_featured_media_url":"https:\/\/www.simons-world.at\/rtw\/wp-content\/uploads\/2023\/11\/Panama-Protesta.jpg","jetpack_sharing_enabled":true,"_links":{"self":[{"href":"https:\/\/www.simons-world.at\/rtw\/wp-json\/wp\/v2\/posts\/14457","targetHints":{"allow":["GET"]}}],"collection":[{"href":"https:\/\/www.simons-world.at\/rtw\/wp-json\/wp\/v2\/posts"}],"about":[{"href":"https:\/\/www.simons-world.at\/rtw\/wp-json\/wp\/v2\/types\/post"}],"author":[{"embeddable":true,"href":"https:\/\/www.simons-world.at\/rtw\/wp-json\/wp\/v2\/users\/7"}],"replies":[{"embeddable":true,"href":"https:\/\/www.simons-world.at\/rtw\/wp-json\/wp\/v2\/comments?post=14457"}],"version-history":[{"count":6,"href":"https:\/\/www.simons-world.at\/rtw\/wp-json\/wp\/v2\/posts\/14457\/revisions"}],"predecessor-version":[{"id":14470,"href":"https:\/\/www.simons-world.at\/rtw\/wp-json\/wp\/v2\/posts\/14457\/revisions\/14470"}],"wp:featuredmedia":[{"embeddable":true,"href":"https:\/\/www.simons-world.at\/rtw\/wp-json\/wp\/v2\/media\/14467"}],"wp:attachment":[{"href":"https:\/\/www.simons-world.at\/rtw\/wp-json\/wp\/v2\/media?parent=14457"}],"wp:term":[{"taxonomy":"category","embeddable":true,"href":"https:\/\/www.simons-world.at\/rtw\/wp-json\/wp\/v2\/categories?post=14457"},{"taxonomy":"post_tag","embeddable":true,"href":"https:\/\/www.simons-world.at\/rtw\/wp-json\/wp\/v2\/tags?post=14457"}],"curies":[{"name":"wp","href":"https:\/\/api.w.org\/{rel}","templated":true}]}}