{"id":14219,"date":"2023-08-03T04:26:10","date_gmt":"2023-08-03T02:26:10","guid":{"rendered":"https:\/\/www.simons-world.at\/rtw\/?p=14219"},"modified":"2023-08-03T04:26:11","modified_gmt":"2023-08-03T02:26:11","slug":"casa-de-sven-der-umzug-ist-seit-einem-jahr-komplett","status":"publish","type":"post","link":"https:\/\/www.simons-world.at\/rtw\/casa-de-sven-der-umzug-ist-seit-einem-jahr-komplett\/","title":{"rendered":"Casa de Sven: Der Umzug ist (seit einem Jahr) komplett!"},"content":{"rendered":"\n<p>Willkommen zur\u00fcck auf der Finca, wo ich euch heute eine l\u00e4ngst \u00fcberf\u00e4llige Geschichte erz\u00e4hlen m\u00f6chte. Es ist die unendliche Geschichte vom Umzug von Sven, Lisa und Louis in ihr selbstgebautes Haus auf der Finca. Seit einem Jahr schiebe ich die Berichterstattung nun vor mir her. Tats\u00e4chlich umgezogen sind die drei n\u00e4mlich schon im August letzten Jahres.<\/p>\n\n\n\n<p>Und das nat\u00fcrlich nicht in ein fertiges Haus, sondern mehr oder weniger in einen Rohbau. Die Wohnsituation im Hostelgeb\u00e4ude, wo sich die drei nur ein Zimmer teilten, war nach so langer Zeit einfach nicht mehr tragbar. Da war das eigene Haus ohne Farbe an den W\u00e4nden dann doch um Welten besser. In der ersten Phase wurden dabei auch nur die Schlafzimmer genutzt. K\u00fcche und Badezimmer standen ja im Hostel zur Verf\u00fcgung.<\/p>\n\n\n\n<figure class=\"wp-block-image size-large\"><a href=\"https:\/\/www.simons-world.at\/rtw\/wp-content\/uploads\/2023\/08\/20220625_093410.jpg\"><img loading=\"lazy\" decoding=\"async\" width=\"720\" height=\"406\" src=\"https:\/\/www.simons-world.at\/rtw\/wp-content\/uploads\/2023\/08\/20220625_093410-720x406.jpg\" alt=\"\" class=\"wp-image-14221\" srcset=\"https:\/\/www.simons-world.at\/rtw\/wp-content\/uploads\/2023\/08\/20220625_093410-720x406.jpg 720w, https:\/\/www.simons-world.at\/rtw\/wp-content\/uploads\/2023\/08\/20220625_093410-300x169.jpg 300w, https:\/\/www.simons-world.at\/rtw\/wp-content\/uploads\/2023\/08\/20220625_093410-768x433.jpg 768w, https:\/\/www.simons-world.at\/rtw\/wp-content\/uploads\/2023\/08\/20220625_093410-1536x866.jpg 1536w, https:\/\/www.simons-world.at\/rtw\/wp-content\/uploads\/2023\/08\/20220625_093410-2048x1155.jpg 2048w, https:\/\/www.simons-world.at\/rtw\/wp-content\/uploads\/2023\/08\/20220625_093410-520x293.jpg 520w, https:\/\/www.simons-world.at\/rtw\/wp-content\/uploads\/2023\/08\/20220625_093410-320x180.jpg 320w\" sizes=\"auto, (max-width: 720px) 100vw, 720px\" \/><\/a><\/figure>\n\n\n\n<p>Schritt f\u00fcr Schritt wurden dann erstmal das Badezimmer, die Kl\u00e4ranlage und der Wassererhitzer fertiggestellt bzw. installiert. Ganz viel M\u00fche gab sich Lisa beim Ausbau des Badezimmers, wo unter anderem Natursteine, Granit und Fliesen zum Einsatz kamen. Mit der ersten Dusche bzw. dem ersten gro\u00dfen Gesch\u00e4ft im eigenen Haus, war dann ein weiterer Meilenstein erreicht.<\/p>\n\n\n\n<p>Es folgte die K\u00fcche, wo Sven provisorisch einen Camping Gaskocher aufstellte. Die K\u00fccheninsel mit eingebautem Herd blieb damit erstmal ein Zukunftsprojekt. Daf\u00fcr gab es beim K\u00fchlschrank keine Kompromisse. Ein riesiges Side-by-Side Ger\u00e4t mit Inverter und integrierter Eismaschine ist momentan das Highlight der K\u00fcche. Und somit war das Haus dann auch bewohnbar. Auf der Baustelle wohnen, ja das kennen wir ja schon.<\/p>\n\n\n\n<p>Daf\u00fcr war der Arbeitsweg k\u00fcrzer und Sven konnte sich in den folgenden Monaten voll und ganz auf den Ausbau der Einliegerwohnung konzentrieren. Lisas Mutter Karin geht in ihrem Panama Engagement n\u00e4mlich noch einen ganzen Schritt weiter als zum Beispiel meine Eltern. Um noch den ein oder anderen europ\u00e4ischen Winter im sonnigen Panama verbringen zu k\u00f6nnen, w\u00e4re eine kleine Wohnung im sch\u00f6nen Santa Fe nat\u00fcrlich ideal.<\/p>\n\n\n\n<p>So kam es auch, dass Sven und Lisas Haus am Ende so gro\u00df geworden ist. Karins Wohnung wird eine kleine K\u00fcche und ein eigenes Badezimmer haben. Der Schlafbereich ist \u00e4hnlich wie in meinem H\u00e4uschen auf einer Zwischenetage geplant. Dabei hatte die Bauherrin auch ihre ganz eigenen Vorstellungen und instruierte regelm\u00e4\u00dfig \u00fcber Telefon.<\/p>\n\n\n\n<p>Los ging es mit der Decke, wo Faserbetonplatten zum Einsatz kamen. Von der Verarbeitung her ist das ganz \u00e4hnlich wie Gipsplatten, jedoch weniger feuchtigkeitsempfindlich. Die staubige und beschwerliche Arbeit \u00fcber Kopf war jedenfalls alles andere als ein Zuckerschlecken. Die gro\u00dfen Platten mussten zu dritt installiert werden. Erstmal angeschraubt folgte das obligatorische spachteln, kleben und schleifen.<\/p>\n\n\n\n<figure class=\"wp-block-gallery has-nested-images columns-default is-cropped wp-block-gallery-1 is-layout-flex wp-block-gallery-is-layout-flex\">\n<figure class=\"wp-block-image size-large\"><a href=\"https:\/\/www.simons-world.at\/rtw\/wp-content\/uploads\/2023\/08\/20220404_135442.jpg\"><img loading=\"lazy\" decoding=\"async\" width=\"720\" height=\"406\" data-id=\"14223\" src=\"https:\/\/www.simons-world.at\/rtw\/wp-content\/uploads\/2023\/08\/20220404_135442-720x406.jpg\" alt=\"\" class=\"wp-image-14223\" srcset=\"https:\/\/www.simons-world.at\/rtw\/wp-content\/uploads\/2023\/08\/20220404_135442-720x406.jpg 720w, https:\/\/www.simons-world.at\/rtw\/wp-content\/uploads\/2023\/08\/20220404_135442-300x169.jpg 300w, https:\/\/www.simons-world.at\/rtw\/wp-content\/uploads\/2023\/08\/20220404_135442-768x433.jpg 768w, https:\/\/www.simons-world.at\/rtw\/wp-content\/uploads\/2023\/08\/20220404_135442-1536x865.jpg 1536w, https:\/\/www.simons-world.at\/rtw\/wp-content\/uploads\/2023\/08\/20220404_135442-2048x1154.jpg 2048w, https:\/\/www.simons-world.at\/rtw\/wp-content\/uploads\/2023\/08\/20220404_135442-520x293.jpg 520w, https:\/\/www.simons-world.at\/rtw\/wp-content\/uploads\/2023\/08\/20220404_135442-320x180.jpg 320w\" sizes=\"auto, (max-width: 720px) 100vw, 720px\" \/><\/a><\/figure>\n\n\n\n<figure class=\"wp-block-image size-large\"><a href=\"https:\/\/www.simons-world.at\/rtw\/wp-content\/uploads\/2023\/08\/20220411_110800.jpg\"><img loading=\"lazy\" decoding=\"async\" width=\"720\" height=\"406\" data-id=\"14222\" src=\"https:\/\/www.simons-world.at\/rtw\/wp-content\/uploads\/2023\/08\/20220411_110800-720x406.jpg\" alt=\"\" class=\"wp-image-14222\" srcset=\"https:\/\/www.simons-world.at\/rtw\/wp-content\/uploads\/2023\/08\/20220411_110800-720x406.jpg 720w, https:\/\/www.simons-world.at\/rtw\/wp-content\/uploads\/2023\/08\/20220411_110800-300x169.jpg 300w, https:\/\/www.simons-world.at\/rtw\/wp-content\/uploads\/2023\/08\/20220411_110800-768x433.jpg 768w, https:\/\/www.simons-world.at\/rtw\/wp-content\/uploads\/2023\/08\/20220411_110800-1536x865.jpg 1536w, https:\/\/www.simons-world.at\/rtw\/wp-content\/uploads\/2023\/08\/20220411_110800-2048x1154.jpg 2048w, https:\/\/www.simons-world.at\/rtw\/wp-content\/uploads\/2023\/08\/20220411_110800-520x293.jpg 520w, https:\/\/www.simons-world.at\/rtw\/wp-content\/uploads\/2023\/08\/20220411_110800-320x180.jpg 320w\" sizes=\"auto, (max-width: 720px) 100vw, 720px\" \/><\/a><\/figure>\n<\/figure>\n\n\n\n<p>Zum Abschluss kam die gleiche wei\u00dfe Farbe drauf, die auch die W\u00e4nde verzieren wird. Als Bodenbelag w\u00e4hlte Karin gro\u00dfformatige gl\u00e4nzende wei\u00dfe Porzellanfliesen. Mit ein wenig Unterst\u00fctzung von Markus, hatte Sven die Fliesen in wenigen Tagen verlegt. Ein bisschen l\u00e4nger zogen sich die Feinarbeiten samt Sockelleisten, Fugenmasse und so weiter.<\/p>\n\n\n\n<p>Die kleine Wohnung sah dann schon richtig gut aus. Wei\u00df und gl\u00e4nzend an allen Ecken und Enden. Und da Karin viele Jahre lang mit Antiquit\u00e4ten gehandelt hat, standen daheim in Deutschland auch noch die ein oder anderen ungenutzten M\u00f6belst\u00fccke. Als Markus damals seinen Container verschifft hat, fanden also auch ein paar deutsche Antiquit\u00e4ten ihren Weg nach Panama.<\/p>\n\n\n\n<p>Und die passten perfekt in die wei\u00dfe Wohnung. Alles was jetzt noch fehlte war der Innenausbau des Badezimmers. Das Fliesen der Duschkabine war dabei wohl die gr\u00f6\u00dfte Herausforderung. Die Wand war sozusagen etwas aus dem Lot geraten, was das Ganze nicht einfacher machte. Auch das passende Loch f\u00fcr die Armatur des Waschbeckens in die Granitplatte zu bekommen, war wieder mal eine panamesische Herausforderung.<\/p>\n\n\n\n<p>Weil die Ma\u00dfe bei grunds\u00e4tzlich allem hier irgendwie verschieden sind, passte das mit dem europ\u00e4ischen Werkzeug gebohrte Loch halt nur auf den ersten Blick. Auch ein halber Millimeter ist viel, zumindest wenn es um Stahl und Stein geht. Nach ein paar Stunden \u00e4rgern hatte Sven aber auch dieses Problem gel\u00f6st und am Waschbecken floss das Wasser.<\/p>\n\n\n\n<p>Das Badezimmer war damit erledigt und es ging in den Endspurt. F\u00fcr die Zwischenetage des Schlafbereichs hatte Sven bereits einen Stahlrahmen geschwei\u00dft. Der Boden in Form von Faserbetonplatten war schnell drauf. Am Schluss fehlte nur noch die h\u00f6lzerne Treppe, die vom Schreiner in letzter Minute geliefert wurde.<\/p>\n\n\n\n<p>Wenig sp\u00e4ter landete Karin auch schon in Panama und wurde dort von Lisa und Louis empfangen. Erst ging es f\u00fcr ein paar Tage an den Strand, ehe die stolze Bauherrin ihre neue Wohnung in Santa Fe bezog. Dort herrschte zwar ein wenig Urlaubsstimmung, die Arbeit ging aber weiter. Es wurden flei\u00dfig M\u00f6bel ger\u00fcckt, fehlende Ausstattungsteile gekauft und zahlreiche Detailarbeiten erledigt.<\/p>\n\n\n\n<p>Im Schlafbereich verlegten Lisa und Karin einen PVC Fu\u00dfboden. Die einzelnen Elemente werden mit Klick System verbunden und haben auf der R\u00fcckseite eine integrierte D\u00e4mmung. Super einfach zu installieren und das Ergebnis ist echt toll geworden. Die kleine Wohnung ist damit nicht nur bewohnbar, sondern wahrscheinlich der momentan sch\u00f6nste Wohnraum auf der Finca.<\/p>\n\n\n\n<p>Ein Vorbild f\u00fcr das was noch kommen wird. Sven und Lisa haben noch genug zu tun mit der Fertigstellung des restlichen Hauses. Und Karin plant schon ihren n\u00e4chsten Panama Aufenthalt. Ja, der n\u00e4chste Winter kommt bestimmt!<\/p>\n\n\n\n<p>(Bilder der fertigen Wohnung werden hier eventuell nachgereicht!)<\/p>\n","protected":false},"excerpt":{"rendered":"<p>Willkommen zur\u00fcck auf der Finca, wo ich euch heute eine l\u00e4ngst \u00fcberf\u00e4llige Geschichte erz\u00e4hlen m\u00f6chte. Es ist die unendliche Geschichte vom Umzug von Sven, Lisa und Louis in ihr selbstgebautes Haus auf der Finca. Seit einem Jahr schiebe ich die Berichterstattung nun vor&#46;&#46;&#46;<\/p>\n","protected":false},"author":7,"featured_media":14220,"comment_status":"open","ping_status":"open","sticky":false,"template":"","format":"image","meta":{"ngg_post_thumbnail":0,"jetpack_post_was_ever_published":false,"_jetpack_newsletter_access":"","_jetpack_dont_email_post_to_subs":false,"_jetpack_newsletter_tier_id":0,"_jetpack_memberships_contains_paywalled_content":false,"_jetpack_memberships_contains_paid_content":false,"footnotes":"","jetpack_publicize_message":"","jetpack_publicize_feature_enabled":true,"jetpack_social_post_already_shared":true,"jetpack_social_options":{"image_generator_settings":{"template":"highway","default_image_id":0,"font":"","enabled":false},"version":2}},"categories":[1674],"tags":[1482,1676,1226,1408],"class_list":["post-14219","post","type-post","status-publish","format-image","has-post-thumbnail","hentry","category-casa-de-sven","tag-baustelle","tag-casa-de-sven","tag-ferienwohnung","tag-panama","post_format-post-format-image"],"geo":null,"yoast_head":"<!-- This site is optimized with the Yoast SEO plugin v27.5 - https:\/\/yoast.com\/product\/yoast-seo-wordpress\/ -->\n<title>Casa de Sven: Der Umzug ist (seit einem Jahr) komplett! | Simons World<\/title>\n<meta name=\"description\" content=\"Casa de Sven: Der Umzug ist (seit einem Jahr) komplett!\" \/>\n<meta name=\"robots\" content=\"index, follow, max-snippet:-1, max-image-preview:large, max-video-preview:-1\" \/>\n<link rel=\"canonical\" href=\"https:\/\/www.simons-world.at\/rtw\/casa-de-sven-der-umzug-ist-seit-einem-jahr-komplett\/\" \/>\n<meta name=\"twitter:label1\" content=\"Verfasst von\" \/>\n\t<meta name=\"twitter:data1\" content=\"Simon\" \/>\n\t<meta name=\"twitter:label2\" content=\"Gesch\u00e4tzte Lesezeit\" \/>\n\t<meta name=\"twitter:data2\" content=\"6\u00a0Minuten\" \/>\n<script type=\"application\/ld+json\" class=\"yoast-schema-graph\">{\"@context\":\"https:\\\/\\\/schema.org\",\"@graph\":[{\"@type\":\"Article\",\"@id\":\"https:\\\/\\\/www.simons-world.at\\\/rtw\\\/casa-de-sven-der-umzug-ist-seit-einem-jahr-komplett\\\/#article\",\"isPartOf\":{\"@id\":\"https:\\\/\\\/www.simons-world.at\\\/rtw\\\/casa-de-sven-der-umzug-ist-seit-einem-jahr-komplett\\\/\"},\"author\":{\"name\":\"Simon\",\"@id\":\"https:\\\/\\\/www.simons-world.at\\\/rtw\\\/#\\\/schema\\\/person\\\/34f3ecb2e9ff749782fee13191c36495\"},\"headline\":\"Casa de Sven: Der Umzug ist (seit einem Jahr) komplett!\",\"datePublished\":\"2023-08-03T02:26:10+00:00\",\"dateModified\":\"2023-08-03T02:26:11+00:00\",\"mainEntityOfPage\":{\"@id\":\"https:\\\/\\\/www.simons-world.at\\\/rtw\\\/casa-de-sven-der-umzug-ist-seit-einem-jahr-komplett\\\/\"},\"wordCount\":923,\"commentCount\":0,\"publisher\":{\"@id\":\"https:\\\/\\\/www.simons-world.at\\\/rtw\\\/#\\\/schema\\\/person\\\/34f3ecb2e9ff749782fee13191c36495\"},\"image\":{\"@id\":\"https:\\\/\\\/www.simons-world.at\\\/rtw\\\/casa-de-sven-der-umzug-ist-seit-einem-jahr-komplett\\\/#primaryimage\"},\"thumbnailUrl\":\"https:\\\/\\\/www.simons-world.at\\\/rtw\\\/wp-content\\\/uploads\\\/2023\\\/08\\\/20220625_093410e.jpg\",\"keywords\":[\"Baustelle\",\"Casa de Sven\",\"Ferienwohnung\",\"Panama\"],\"articleSection\":[\"Casa de Sven\"],\"inLanguage\":\"de\",\"potentialAction\":[{\"@type\":\"CommentAction\",\"name\":\"Comment\",\"target\":[\"https:\\\/\\\/www.simons-world.at\\\/rtw\\\/casa-de-sven-der-umzug-ist-seit-einem-jahr-komplett\\\/#respond\"]}]},{\"@type\":\"WebPage\",\"@id\":\"https:\\\/\\\/www.simons-world.at\\\/rtw\\\/casa-de-sven-der-umzug-ist-seit-einem-jahr-komplett\\\/\",\"url\":\"https:\\\/\\\/www.simons-world.at\\\/rtw\\\/casa-de-sven-der-umzug-ist-seit-einem-jahr-komplett\\\/\",\"name\":\"Casa de Sven: Der Umzug ist (seit einem Jahr) komplett! | Simons World\",\"isPartOf\":{\"@id\":\"https:\\\/\\\/www.simons-world.at\\\/rtw\\\/#website\"},\"primaryImageOfPage\":{\"@id\":\"https:\\\/\\\/www.simons-world.at\\\/rtw\\\/casa-de-sven-der-umzug-ist-seit-einem-jahr-komplett\\\/#primaryimage\"},\"image\":{\"@id\":\"https:\\\/\\\/www.simons-world.at\\\/rtw\\\/casa-de-sven-der-umzug-ist-seit-einem-jahr-komplett\\\/#primaryimage\"},\"thumbnailUrl\":\"https:\\\/\\\/www.simons-world.at\\\/rtw\\\/wp-content\\\/uploads\\\/2023\\\/08\\\/20220625_093410e.jpg\",\"datePublished\":\"2023-08-03T02:26:10+00:00\",\"dateModified\":\"2023-08-03T02:26:11+00:00\",\"description\":\"Casa de Sven: Der Umzug ist (seit einem Jahr) komplett!\",\"breadcrumb\":{\"@id\":\"https:\\\/\\\/www.simons-world.at\\\/rtw\\\/casa-de-sven-der-umzug-ist-seit-einem-jahr-komplett\\\/#breadcrumb\"},\"inLanguage\":\"de\",\"potentialAction\":[{\"@type\":\"ReadAction\",\"target\":[\"https:\\\/\\\/www.simons-world.at\\\/rtw\\\/casa-de-sven-der-umzug-ist-seit-einem-jahr-komplett\\\/\"]}]},{\"@type\":\"ImageObject\",\"inLanguage\":\"de\",\"@id\":\"https:\\\/\\\/www.simons-world.at\\\/rtw\\\/casa-de-sven-der-umzug-ist-seit-einem-jahr-komplett\\\/#primaryimage\",\"url\":\"https:\\\/\\\/www.simons-world.at\\\/rtw\\\/wp-content\\\/uploads\\\/2023\\\/08\\\/20220625_093410e.jpg\",\"contentUrl\":\"https:\\\/\\\/www.simons-world.at\\\/rtw\\\/wp-content\\\/uploads\\\/2023\\\/08\\\/20220625_093410e.jpg\",\"width\":2697,\"height\":1200},{\"@type\":\"BreadcrumbList\",\"@id\":\"https:\\\/\\\/www.simons-world.at\\\/rtw\\\/casa-de-sven-der-umzug-ist-seit-einem-jahr-komplett\\\/#breadcrumb\",\"itemListElement\":[{\"@type\":\"ListItem\",\"position\":1,\"name\":\"Home\",\"item\":\"https:\\\/\\\/www.simons-world.at\\\/rtw\\\/\"},{\"@type\":\"ListItem\",\"position\":2,\"name\":\"Leben in Panama\",\"item\":\"https:\\\/\\\/www.simons-world.at\\\/rtw\\\/category\\\/leben-in-panama\\\/\"},{\"@type\":\"ListItem\",\"position\":3,\"name\":\"Baustellen\",\"item\":\"https:\\\/\\\/www.simons-world.at\\\/rtw\\\/category\\\/leben-in-panama\\\/baustellen\\\/\"},{\"@type\":\"ListItem\",\"position\":4,\"name\":\"Casa de Sven\",\"item\":\"https:\\\/\\\/www.simons-world.at\\\/rtw\\\/category\\\/leben-in-panama\\\/baustellen\\\/casa-de-sven\\\/\"},{\"@type\":\"ListItem\",\"position\":5,\"name\":\"Casa de Sven: Der Umzug ist (seit einem Jahr) komplett!\"}]},{\"@type\":\"WebSite\",\"@id\":\"https:\\\/\\\/www.simons-world.at\\\/rtw\\\/#website\",\"url\":\"https:\\\/\\\/www.simons-world.at\\\/rtw\\\/\",\"name\":\"Simons World\",\"description\":\"Not just another Travel Blog\",\"publisher\":{\"@id\":\"https:\\\/\\\/www.simons-world.at\\\/rtw\\\/#\\\/schema\\\/person\\\/34f3ecb2e9ff749782fee13191c36495\"},\"potentialAction\":[{\"@type\":\"SearchAction\",\"target\":{\"@type\":\"EntryPoint\",\"urlTemplate\":\"https:\\\/\\\/www.simons-world.at\\\/rtw\\\/?s={search_term_string}\"},\"query-input\":{\"@type\":\"PropertyValueSpecification\",\"valueRequired\":true,\"valueName\":\"search_term_string\"}}],\"inLanguage\":\"de\"},{\"@type\":[\"Person\",\"Organization\"],\"@id\":\"https:\\\/\\\/www.simons-world.at\\\/rtw\\\/#\\\/schema\\\/person\\\/34f3ecb2e9ff749782fee13191c36495\",\"name\":\"Simon\",\"logo\":{\"@id\":\"https:\\\/\\\/www.simons-world.at\\\/rtw\\\/#\\\/schema\\\/person\\\/image\\\/\"},\"sameAs\":[\"http:\\\/\\\/www.simons-world.at\"]}]}<\/script>\n<!-- \/ Yoast SEO plugin. -->","yoast_head_json":{"title":"Casa de Sven: Der Umzug ist (seit einem Jahr) komplett! | Simons World","description":"Casa de Sven: Der Umzug ist (seit einem Jahr) komplett!","robots":{"index":"index","follow":"follow","max-snippet":"max-snippet:-1","max-image-preview":"max-image-preview:large","max-video-preview":"max-video-preview:-1"},"canonical":"https:\/\/www.simons-world.at\/rtw\/casa-de-sven-der-umzug-ist-seit-einem-jahr-komplett\/","twitter_misc":{"Verfasst von":"Simon","Gesch\u00e4tzte Lesezeit":"6\u00a0Minuten"},"schema":{"@context":"https:\/\/schema.org","@graph":[{"@type":"Article","@id":"https:\/\/www.simons-world.at\/rtw\/casa-de-sven-der-umzug-ist-seit-einem-jahr-komplett\/#article","isPartOf":{"@id":"https:\/\/www.simons-world.at\/rtw\/casa-de-sven-der-umzug-ist-seit-einem-jahr-komplett\/"},"author":{"name":"Simon","@id":"https:\/\/www.simons-world.at\/rtw\/#\/schema\/person\/34f3ecb2e9ff749782fee13191c36495"},"headline":"Casa de Sven: Der Umzug ist (seit einem Jahr) komplett!","datePublished":"2023-08-03T02:26:10+00:00","dateModified":"2023-08-03T02:26:11+00:00","mainEntityOfPage":{"@id":"https:\/\/www.simons-world.at\/rtw\/casa-de-sven-der-umzug-ist-seit-einem-jahr-komplett\/"},"wordCount":923,"commentCount":0,"publisher":{"@id":"https:\/\/www.simons-world.at\/rtw\/#\/schema\/person\/34f3ecb2e9ff749782fee13191c36495"},"image":{"@id":"https:\/\/www.simons-world.at\/rtw\/casa-de-sven-der-umzug-ist-seit-einem-jahr-komplett\/#primaryimage"},"thumbnailUrl":"https:\/\/www.simons-world.at\/rtw\/wp-content\/uploads\/2023\/08\/20220625_093410e.jpg","keywords":["Baustelle","Casa de Sven","Ferienwohnung","Panama"],"articleSection":["Casa de Sven"],"inLanguage":"de","potentialAction":[{"@type":"CommentAction","name":"Comment","target":["https:\/\/www.simons-world.at\/rtw\/casa-de-sven-der-umzug-ist-seit-einem-jahr-komplett\/#respond"]}]},{"@type":"WebPage","@id":"https:\/\/www.simons-world.at\/rtw\/casa-de-sven-der-umzug-ist-seit-einem-jahr-komplett\/","url":"https:\/\/www.simons-world.at\/rtw\/casa-de-sven-der-umzug-ist-seit-einem-jahr-komplett\/","name":"Casa de Sven: Der Umzug ist (seit einem Jahr) komplett! | Simons World","isPartOf":{"@id":"https:\/\/www.simons-world.at\/rtw\/#website"},"primaryImageOfPage":{"@id":"https:\/\/www.simons-world.at\/rtw\/casa-de-sven-der-umzug-ist-seit-einem-jahr-komplett\/#primaryimage"},"image":{"@id":"https:\/\/www.simons-world.at\/rtw\/casa-de-sven-der-umzug-ist-seit-einem-jahr-komplett\/#primaryimage"},"thumbnailUrl":"https:\/\/www.simons-world.at\/rtw\/wp-content\/uploads\/2023\/08\/20220625_093410e.jpg","datePublished":"2023-08-03T02:26:10+00:00","dateModified":"2023-08-03T02:26:11+00:00","description":"Casa de Sven: Der Umzug ist (seit einem Jahr) komplett!","breadcrumb":{"@id":"https:\/\/www.simons-world.at\/rtw\/casa-de-sven-der-umzug-ist-seit-einem-jahr-komplett\/#breadcrumb"},"inLanguage":"de","potentialAction":[{"@type":"ReadAction","target":["https:\/\/www.simons-world.at\/rtw\/casa-de-sven-der-umzug-ist-seit-einem-jahr-komplett\/"]}]},{"@type":"ImageObject","inLanguage":"de","@id":"https:\/\/www.simons-world.at\/rtw\/casa-de-sven-der-umzug-ist-seit-einem-jahr-komplett\/#primaryimage","url":"https:\/\/www.simons-world.at\/rtw\/wp-content\/uploads\/2023\/08\/20220625_093410e.jpg","contentUrl":"https:\/\/www.simons-world.at\/rtw\/wp-content\/uploads\/2023\/08\/20220625_093410e.jpg","width":2697,"height":1200},{"@type":"BreadcrumbList","@id":"https:\/\/www.simons-world.at\/rtw\/casa-de-sven-der-umzug-ist-seit-einem-jahr-komplett\/#breadcrumb","itemListElement":[{"@type":"ListItem","position":1,"name":"Home","item":"https:\/\/www.simons-world.at\/rtw\/"},{"@type":"ListItem","position":2,"name":"Leben in Panama","item":"https:\/\/www.simons-world.at\/rtw\/category\/leben-in-panama\/"},{"@type":"ListItem","position":3,"name":"Baustellen","item":"https:\/\/www.simons-world.at\/rtw\/category\/leben-in-panama\/baustellen\/"},{"@type":"ListItem","position":4,"name":"Casa de Sven","item":"https:\/\/www.simons-world.at\/rtw\/category\/leben-in-panama\/baustellen\/casa-de-sven\/"},{"@type":"ListItem","position":5,"name":"Casa de Sven: Der Umzug ist (seit einem Jahr) komplett!"}]},{"@type":"WebSite","@id":"https:\/\/www.simons-world.at\/rtw\/#website","url":"https:\/\/www.simons-world.at\/rtw\/","name":"Simons World","description":"Not just another Travel Blog","publisher":{"@id":"https:\/\/www.simons-world.at\/rtw\/#\/schema\/person\/34f3ecb2e9ff749782fee13191c36495"},"potentialAction":[{"@type":"SearchAction","target":{"@type":"EntryPoint","urlTemplate":"https:\/\/www.simons-world.at\/rtw\/?s={search_term_string}"},"query-input":{"@type":"PropertyValueSpecification","valueRequired":true,"valueName":"search_term_string"}}],"inLanguage":"de"},{"@type":["Person","Organization"],"@id":"https:\/\/www.simons-world.at\/rtw\/#\/schema\/person\/34f3ecb2e9ff749782fee13191c36495","name":"Simon","logo":{"@id":"https:\/\/www.simons-world.at\/rtw\/#\/schema\/person\/image\/"},"sameAs":["http:\/\/www.simons-world.at"]}]}},"jetpack_publicize_connections":[],"jetpack_featured_media_url":"https:\/\/www.simons-world.at\/rtw\/wp-content\/uploads\/2023\/08\/20220625_093410e.jpg","jetpack_sharing_enabled":true,"_links":{"self":[{"href":"https:\/\/www.simons-world.at\/rtw\/wp-json\/wp\/v2\/posts\/14219","targetHints":{"allow":["GET"]}}],"collection":[{"href":"https:\/\/www.simons-world.at\/rtw\/wp-json\/wp\/v2\/posts"}],"about":[{"href":"https:\/\/www.simons-world.at\/rtw\/wp-json\/wp\/v2\/types\/post"}],"author":[{"embeddable":true,"href":"https:\/\/www.simons-world.at\/rtw\/wp-json\/wp\/v2\/users\/7"}],"replies":[{"embeddable":true,"href":"https:\/\/www.simons-world.at\/rtw\/wp-json\/wp\/v2\/comments?post=14219"}],"version-history":[{"count":3,"href":"https:\/\/www.simons-world.at\/rtw\/wp-json\/wp\/v2\/posts\/14219\/revisions"}],"predecessor-version":[{"id":14226,"href":"https:\/\/www.simons-world.at\/rtw\/wp-json\/wp\/v2\/posts\/14219\/revisions\/14226"}],"wp:featuredmedia":[{"embeddable":true,"href":"https:\/\/www.simons-world.at\/rtw\/wp-json\/wp\/v2\/media\/14220"}],"wp:attachment":[{"href":"https:\/\/www.simons-world.at\/rtw\/wp-json\/wp\/v2\/media?parent=14219"}],"wp:term":[{"taxonomy":"category","embeddable":true,"href":"https:\/\/www.simons-world.at\/rtw\/wp-json\/wp\/v2\/categories?post=14219"},{"taxonomy":"post_tag","embeddable":true,"href":"https:\/\/www.simons-world.at\/rtw\/wp-json\/wp\/v2\/tags?post=14219"}],"curies":[{"name":"wp","href":"https:\/\/api.w.org\/{rel}","templated":true}]}}