{"id":12701,"date":"2021-03-07T23:18:41","date_gmt":"2021-03-07T21:18:41","guid":{"rendered":"https:\/\/www.simons-world.at\/rtw\/?p=12701"},"modified":"2021-03-07T23:18:43","modified_gmt":"2021-03-07T21:18:43","slug":"casita-simon-von-fenstern-und-farben","status":"publish","type":"post","link":"https:\/\/www.simons-world.at\/rtw\/casita-simon-von-fenstern-und-farben\/","title":{"rendered":"Casita Simon: Von Fenstern und Farben"},"content":{"rendered":"\n<p>Willkommen zur\u00fcck auf der Baustelle der Casita Simon, wo ich euch heute unter anderem von meinen Fenstern und T\u00fcren berichten m\u00f6chte. Die Optionen waren wie immer zahlreich und einige davon haben wir schon an den Hostelgeb\u00e4uden ausprobiert. Es gibt in Panama eine Hand voll etablierter Hersteller, deren Produkte als Massenware in den Baum\u00e4rkten angeboten wird.<\/p>\n\n\n\n<p>Egal ob nun PVC oder Aluminium, die Qualit\u00e4t ist recht d\u00fcrftig. Das gr\u00f6\u00dfere Problem sind allerdings die Abmessungen, die es so nat\u00fcrlich nur von der Stange gibt. Individuelle Gr\u00f6\u00dfen oder gar Extraw\u00fcnsche sind so nicht realisierbar. Na klar, da muss man zu einem Fensterbauer gehen. Derer gibt es in Santiago und Umgebung zahlreiche. Das Problem dort waren allerdings wieder die Preise.<\/p>\n\n\n\n<p>Klar, die Jungs tun nichts Anderes als von einem guten Laden in Panama City die Profile und Gl\u00e4ser zu kaufen, um sie mir anschlie\u00dfend zusammengebaut zum dreifachen Preis weiterzuverkaufen. Dass sowas mit mir nicht klappt war auch klar. Also bin ich doch gleich mal direkt zur Quelle, n\u00e4mlich zu <a href=\"https:\/\/www.empresascarbone.com\/\">Empresas Carbone<\/a>, gegangen. Als wir das Ladengesch\u00e4ft 2017 zum ersten Mal besuchten, haben wir es noch als Spezialgesch\u00e4ft f\u00fcr schwei\u00dfen und Industrieanwendungen wahrgenommen.<\/p>\n\n\n\n<p>Das Sortiment hat sich \u00fcber die Jahre aber extrem erweitert und mittlerweile bekommt man dort vom Akkubohrer \u00fcber den Dieselgenerator bis zum Fensterprofil eben alles was das Herz h\u00f6herschlagen l\u00e4sst. Nicht nur das relativ hochwertige Sortiment, sondern auch die absoluten Spitzenpreise \u00fcberzeugen mich hier. An anderer Stelle habe ich schon die Innovationswelle beschrieben, die in den letzten Monaten aufgrund der Corona Panik \u00fcber das Land geschwappt ist.<\/p>\n\n\n\n<p>So verwunderte es mich nicht, dass Mitte letzten Jahres der <a href=\"https:\/\/carbonestore.com\/\">Carbone Online Store<\/a> seine virtuellen Pforten \u00f6ffnete. Was ich fr\u00fcher noch m\u00fchsam \u00fcber WhatsApp und E-Mail erfragen musste, kann nun die ganze Welt online einsehen: Das komplette Sortiment samt Preisen und Verf\u00fcgbarkeit. Und f\u00fcr l\u00e4cherliche $10 bringt uns der LKW die bestellte Ware binnen weniger Tage direkt bis in den Dschungel. Ohne Mindestbestellwert \u00fcbrigens.<\/p>\n\n\n\n<p>Bei einem virtuellen Verk\u00e4ufer erfragte ich dann schlie\u00dflich die Preise f\u00fcr Aluminium Schiebefenster- und T\u00fcren in meinen gew\u00fcnschten Gr\u00f6\u00dfen. Das Angebot war so derma\u00dfen g\u00fcnstig, f\u00fcr dieses Geld w\u00fcrde man in \u00d6sterreich noch nicht einmal die passenden M\u00fcckengitter bekommen. Es sind auch nur einfachverglaste Fenster nat\u00fcrlich, obwohl sie auch mit Doppel- und Dreifachverglasung angeboten werden.<\/p>\n\n\n\n<div class=\"wp-block-file\"><a href=\"https:\/\/www.simons-world.at\/rtw\/wp-content\/uploads\/2021\/03\/Ventana-Carbone-final.pdf\">Ventana-Carbone-final<\/a><a href=\"https:\/\/www.simons-world.at\/rtw\/wp-content\/uploads\/2021\/03\/Ventana-Carbone-final.pdf\" class=\"wp-block-file__button\" download>Herunterladen<\/a><\/div>\n\n\n\n<p>F\u00fcr ein klimaanlagengek\u00fchltes Haus in der Stadt w\u00fcrde das vielleicht Sinn machen, doch f\u00fcr mein kleines Dschungel H\u00e4uschen am Fluss brauche ich weder einen guten L\u00e4rmschutz noch eine besondere Isolation. Einfaches 6mm starkes Glas reicht da vollkommen aus. Als Haust\u00fcre habe ich mir eine 2,00 x 2,20 Meter gro\u00dfe Glasschiebet\u00fcre aus geh\u00e4rtetem Glas ausgesucht. F\u00fcr den Balkon im Obergeschoss kommt ebenfalls eine Glasschiebet\u00fcre zum Einsatz. Im restlichen Haus sind dann noch 7 weitere Fenster verteilt.<\/p>\n\n\n\n<p>F\u00fcr das Badezimmerfenster, welches zur hinteren Terrasse angrenzt, habe ich mir Milchglas ausgesucht. Alle Fenster und T\u00fcren kommen mit den Beschl\u00e4gen und passgenauen M\u00fcckengittern. Ja, und Ende Oktober rollte dann schlie\u00dflich der LKW auf die Finca und wir lagerten die Ware erstmal ein. Die einzelnen Bauteile f\u00fchlten sich toll an und \u00fcberzeugten mich voll und ganz. Bis wir aber die ersten Rahmen einbetonieren konnten verging noch eine ganze Menge Zeit.<\/p>\n\n\n\n<figure class=\"wp-block-gallery columns-3 is-cropped wp-block-gallery-1 is-layout-flex wp-block-gallery-is-layout-flex\"><ul class=\"blocks-gallery-grid\"><li class=\"blocks-gallery-item\"><figure><a href=\"https:\/\/www.simons-world.at\/rtw\/wp-content\/uploads\/2021\/03\/IMG_20201022_142720714.jpg\"><img loading=\"lazy\" decoding=\"async\" width=\"2129\" height=\"1200\" src=\"https:\/\/www.simons-world.at\/rtw\/wp-content\/uploads\/2021\/03\/IMG_20201022_142720714.jpg\" alt=\"\" data-id=\"12704\" data-full-url=\"https:\/\/www.simons-world.at\/rtw\/wp-content\/uploads\/2021\/03\/IMG_20201022_142720714.jpg\" data-link=\"https:\/\/www.simons-world.at\/rtw\/?attachment_id=12704\" class=\"wp-image-12704\" srcset=\"https:\/\/www.simons-world.at\/rtw\/wp-content\/uploads\/2021\/03\/IMG_20201022_142720714.jpg 2129w, https:\/\/www.simons-world.at\/rtw\/wp-content\/uploads\/2021\/03\/IMG_20201022_142720714-300x169.jpg 300w, https:\/\/www.simons-world.at\/rtw\/wp-content\/uploads\/2021\/03\/IMG_20201022_142720714-720x406.jpg 720w, https:\/\/www.simons-world.at\/rtw\/wp-content\/uploads\/2021\/03\/IMG_20201022_142720714-768x433.jpg 768w, https:\/\/www.simons-world.at\/rtw\/wp-content\/uploads\/2021\/03\/IMG_20201022_142720714-1536x866.jpg 1536w, https:\/\/www.simons-world.at\/rtw\/wp-content\/uploads\/2021\/03\/IMG_20201022_142720714-2048x1154.jpg 2048w, https:\/\/www.simons-world.at\/rtw\/wp-content\/uploads\/2021\/03\/IMG_20201022_142720714-520x293.jpg 520w, https:\/\/www.simons-world.at\/rtw\/wp-content\/uploads\/2021\/03\/IMG_20201022_142720714-320x180.jpg 320w\" sizes=\"auto, (max-width: 2129px) 100vw, 2129px\" \/><\/a><\/figure><\/li><li class=\"blocks-gallery-item\"><figure><a href=\"https:\/\/www.simons-world.at\/rtw\/wp-content\/uploads\/2021\/03\/IMG_20210203_140458363_HDR.jpg\"><img loading=\"lazy\" decoding=\"async\" width=\"2130\" height=\"1200\" src=\"https:\/\/www.simons-world.at\/rtw\/wp-content\/uploads\/2021\/03\/IMG_20210203_140458363_HDR.jpg\" alt=\"\" data-id=\"12705\" data-full-url=\"https:\/\/www.simons-world.at\/rtw\/wp-content\/uploads\/2021\/03\/IMG_20210203_140458363_HDR.jpg\" data-link=\"https:\/\/www.simons-world.at\/rtw\/?attachment_id=12705\" class=\"wp-image-12705\" srcset=\"https:\/\/www.simons-world.at\/rtw\/wp-content\/uploads\/2021\/03\/IMG_20210203_140458363_HDR.jpg 2130w, https:\/\/www.simons-world.at\/rtw\/wp-content\/uploads\/2021\/03\/IMG_20210203_140458363_HDR-300x169.jpg 300w, https:\/\/www.simons-world.at\/rtw\/wp-content\/uploads\/2021\/03\/IMG_20210203_140458363_HDR-720x406.jpg 720w, https:\/\/www.simons-world.at\/rtw\/wp-content\/uploads\/2021\/03\/IMG_20210203_140458363_HDR-768x433.jpg 768w, https:\/\/www.simons-world.at\/rtw\/wp-content\/uploads\/2021\/03\/IMG_20210203_140458363_HDR-1536x865.jpg 1536w, https:\/\/www.simons-world.at\/rtw\/wp-content\/uploads\/2021\/03\/IMG_20210203_140458363_HDR-2048x1154.jpg 2048w, https:\/\/www.simons-world.at\/rtw\/wp-content\/uploads\/2021\/03\/IMG_20210203_140458363_HDR-520x293.jpg 520w, https:\/\/www.simons-world.at\/rtw\/wp-content\/uploads\/2021\/03\/IMG_20210203_140458363_HDR-320x180.jpg 320w\" sizes=\"auto, (max-width: 2130px) 100vw, 2130px\" \/><\/a><\/figure><\/li><li class=\"blocks-gallery-item\"><figure><a href=\"https:\/\/www.simons-world.at\/rtw\/wp-content\/uploads\/2021\/03\/IMG_20210203_151316904_HDR.jpg\"><img loading=\"lazy\" decoding=\"async\" width=\"2135\" height=\"1200\" src=\"https:\/\/www.simons-world.at\/rtw\/wp-content\/uploads\/2021\/03\/IMG_20210203_151316904_HDR.jpg\" alt=\"\" data-id=\"12707\" data-full-url=\"https:\/\/www.simons-world.at\/rtw\/wp-content\/uploads\/2021\/03\/IMG_20210203_151316904_HDR.jpg\" data-link=\"https:\/\/www.simons-world.at\/rtw\/?attachment_id=12707\" class=\"wp-image-12707\" srcset=\"https:\/\/www.simons-world.at\/rtw\/wp-content\/uploads\/2021\/03\/IMG_20210203_151316904_HDR.jpg 2135w, https:\/\/www.simons-world.at\/rtw\/wp-content\/uploads\/2021\/03\/IMG_20210203_151316904_HDR-300x169.jpg 300w, https:\/\/www.simons-world.at\/rtw\/wp-content\/uploads\/2021\/03\/IMG_20210203_151316904_HDR-720x405.jpg 720w, https:\/\/www.simons-world.at\/rtw\/wp-content\/uploads\/2021\/03\/IMG_20210203_151316904_HDR-768x432.jpg 768w, https:\/\/www.simons-world.at\/rtw\/wp-content\/uploads\/2021\/03\/IMG_20210203_151316904_HDR-1536x863.jpg 1536w, https:\/\/www.simons-world.at\/rtw\/wp-content\/uploads\/2021\/03\/IMG_20210203_151316904_HDR-2048x1151.jpg 2048w, https:\/\/www.simons-world.at\/rtw\/wp-content\/uploads\/2021\/03\/IMG_20210203_151316904_HDR-520x292.jpg 520w, https:\/\/www.simons-world.at\/rtw\/wp-content\/uploads\/2021\/03\/IMG_20210203_151316904_HDR-320x180.jpg 320w\" sizes=\"auto, (max-width: 2135px) 100vw, 2135px\" \/><\/a><\/figure><\/li><li class=\"blocks-gallery-item\"><figure><a href=\"https:\/\/www.simons-world.at\/rtw\/wp-content\/uploads\/2021\/03\/IMG_20210203_151306073_HDR.jpg\"><img loading=\"lazy\" decoding=\"async\" width=\"2135\" height=\"1200\" src=\"https:\/\/www.simons-world.at\/rtw\/wp-content\/uploads\/2021\/03\/IMG_20210203_151306073_HDR.jpg\" alt=\"\" data-id=\"12706\" data-full-url=\"https:\/\/www.simons-world.at\/rtw\/wp-content\/uploads\/2021\/03\/IMG_20210203_151306073_HDR.jpg\" data-link=\"https:\/\/www.simons-world.at\/rtw\/?attachment_id=12706\" class=\"wp-image-12706\" srcset=\"https:\/\/www.simons-world.at\/rtw\/wp-content\/uploads\/2021\/03\/IMG_20210203_151306073_HDR.jpg 2135w, https:\/\/www.simons-world.at\/rtw\/wp-content\/uploads\/2021\/03\/IMG_20210203_151306073_HDR-300x169.jpg 300w, https:\/\/www.simons-world.at\/rtw\/wp-content\/uploads\/2021\/03\/IMG_20210203_151306073_HDR-720x405.jpg 720w, https:\/\/www.simons-world.at\/rtw\/wp-content\/uploads\/2021\/03\/IMG_20210203_151306073_HDR-768x432.jpg 768w, https:\/\/www.simons-world.at\/rtw\/wp-content\/uploads\/2021\/03\/IMG_20210203_151306073_HDR-1536x863.jpg 1536w, https:\/\/www.simons-world.at\/rtw\/wp-content\/uploads\/2021\/03\/IMG_20210203_151306073_HDR-2048x1151.jpg 2048w, https:\/\/www.simons-world.at\/rtw\/wp-content\/uploads\/2021\/03\/IMG_20210203_151306073_HDR-520x292.jpg 520w, https:\/\/www.simons-world.at\/rtw\/wp-content\/uploads\/2021\/03\/IMG_20210203_151306073_HDR-320x180.jpg 320w\" sizes=\"auto, (max-width: 2135px) 100vw, 2135px\" \/><\/a><\/figure><\/li><\/ul><\/figure>\n\n\n\n<p>Mittlerweile sind alle Rahmen verbaut und wir haben schon die ersten Fensterelemente darin eingesetzt. Auch in ihren Rahmen machen sie eine tolle Figur, lassen sich m\u00fchelos und ohne scheppernde Ger\u00e4usche \u00f6ffnen und schlie\u00dfen. Und wenn sie geschlossen sind dann ist auch Ruhe. Sie schlie\u00dfen dicht und sauber, kein Vergleich zu den Baumarktfenstern.<\/p>\n\n\n\n<h3 class=\"wp-block-heading\">Von Farben und Farbrollern<\/h3>\n\n\n\n<p>Tja, gro\u00dfe Arbeit war das alles aber keine. Also was gab es noch zu tun? Auch die Farbe muss fr\u00fcher oder sp\u00e4ter auf die W\u00e4nde. Und dazu sollte der Verputz nat\u00fcrlich absolut top aussehen und mehr oder weniger gleichm\u00e4\u00dfig ausfallen. Nach den Elektroarbeiten bzw. dem Einziehen der Kabel, ging um die Installationsdosen an so manchen Stellen der Putz von der Wand. Auch sonst waren noch so einige Kratzer und L\u00f6cher zu sehen.<\/p>\n\n\n\n<p>Mit einem St\u00fcck Kreide markierte ich s\u00e4mtliche Imperfektionen. Oder zumindest die gr\u00f6bsten. Isais ging dann nochmal mit der Verputzmischung dr\u00fcber. Die W\u00e4nde sind zwar immer noch weit weg von 100% perfekt, doch f\u00fcr die Casita Simon genau richtig. Es konnte also an die Wandfarbe gehen. Dar\u00fcber habe ich auch schon lange gegr\u00fcbelt und wollte der Casita eigentlich kr\u00e4ftige Farben spendieren. In den Katalogen der Farbhersteller finde ich das so toll, wenn man eine Wand eines Raumes mit ganz kr\u00e4ftigen Farben streicht.<\/p>\n\n\n\n<figure class=\"wp-block-gallery columns-1 is-cropped wp-block-gallery-2 is-layout-flex wp-block-gallery-is-layout-flex\"><ul class=\"blocks-gallery-grid\"><li class=\"blocks-gallery-item\"><figure><a href=\"https:\/\/www.simons-world.at\/rtw\/wp-content\/uploads\/2021\/03\/IMG_20210209_151250392.jpg\"><img loading=\"lazy\" decoding=\"async\" width=\"2129\" height=\"1200\" src=\"https:\/\/www.simons-world.at\/rtw\/wp-content\/uploads\/2021\/03\/IMG_20210209_151250392.jpg\" alt=\"\" data-id=\"12709\" data-full-url=\"https:\/\/www.simons-world.at\/rtw\/wp-content\/uploads\/2021\/03\/IMG_20210209_151250392.jpg\" data-link=\"https:\/\/www.simons-world.at\/rtw\/?attachment_id=12709\" class=\"wp-image-12709\" srcset=\"https:\/\/www.simons-world.at\/rtw\/wp-content\/uploads\/2021\/03\/IMG_20210209_151250392.jpg 2129w, https:\/\/www.simons-world.at\/rtw\/wp-content\/uploads\/2021\/03\/IMG_20210209_151250392-300x169.jpg 300w, https:\/\/www.simons-world.at\/rtw\/wp-content\/uploads\/2021\/03\/IMG_20210209_151250392-720x406.jpg 720w, https:\/\/www.simons-world.at\/rtw\/wp-content\/uploads\/2021\/03\/IMG_20210209_151250392-768x433.jpg 768w, https:\/\/www.simons-world.at\/rtw\/wp-content\/uploads\/2021\/03\/IMG_20210209_151250392-1536x866.jpg 1536w, https:\/\/www.simons-world.at\/rtw\/wp-content\/uploads\/2021\/03\/IMG_20210209_151250392-2048x1154.jpg 2048w, https:\/\/www.simons-world.at\/rtw\/wp-content\/uploads\/2021\/03\/IMG_20210209_151250392-520x293.jpg 520w, https:\/\/www.simons-world.at\/rtw\/wp-content\/uploads\/2021\/03\/IMG_20210209_151250392-320x180.jpg 320w\" sizes=\"auto, (max-width: 2129px) 100vw, 2129px\" \/><\/a><\/figure><\/li><\/ul><\/figure>\n\n\n\n<p>Da die Casita aber nur aus einem Raum besteht und die W\u00e4nde somit verdammt gro\u00df ausfallen, habe ich diese Idee wieder verworfen. Stattdessen entschied ich mich f\u00fcr die Farbe der Mandelbl\u00fcte. Es ist ein helles wei\u00df mit einem Hauch von grau und beige. Die Farbe passt toll zur Decke und auch die sp\u00e4teren Fliesen geben einen tollen Kontrast dazu. Als erstes musste ich mich aber ohnehin um die Grundierung k\u00fcmmern. Und das f\u00fcr den Moment auch nur im Innenraum.<\/p>\n\n\n\n<p>Um weitere Verz\u00f6gerungen beim Einzug zu verhindern, konzentriere ich mich n\u00e4mlich momentan ausschlie\u00dflich aufs innere des H\u00e4uschens. Es war wohl vorerst die letzte Arbeit, die ich hier noch auf einem Ger\u00fcst erledigen muss. Erst verschwendete ich einen Haufen Zeit mit dem Versuch, die Fenster vor Farbspritzern zu sch\u00fctzen.<\/p>\n\n\n\n<p>Dazu hatte ich nicht die richtigen Materialien auf Lager und dementsprechend scheiterte der Versuch kl\u00e4glich. Der starke Wind der dabei durch das Haus pfiff, machte die Sache auch nicht einfacher. Ich begann schlie\u00dflich ohne Spritzschutz auf den Fenstern mit dem Malen. Auf und ab ging es auf dem Ger\u00fcst, diesmal mit Farbeimer und Rolle.<\/p>\n\n\n\n<p>Als erstes nat\u00fcrlich die Grundierungsfarbe, die ich gro\u00dfz\u00fcgig auf die W\u00e4nde schmierte. Das allerdings auch nur Abschnittsweise, denn einige Wandstellen waren noch zu frisch um gestrichen zu werden. Die gr\u00f6\u00dfte M\u00fche hat man bei solchen Arbeiten nat\u00fcrlich immer an den Umrissen und \u00dcbergangsstellen, w\u00e4hrend auf gro\u00dfer freier Fl\u00e4che einfach mal mit dem Farbroller dr\u00fcber geschmiert werden kann.<\/p>\n\n\n\n<p>Die meisten Details habe ich mittlerweile erledigt und meine W\u00e4nde erstrahlen zu gro\u00dfen Teilen im oben beschriebenen Mandelbl\u00fctenwei\u00df. Das Ger\u00fcst kann nun endg\u00fcltig raus aus der Bude und bald beginnen wir mit dem Fliesenlegen. Ich freu mich drauf, bis bald!<\/p>\n","protected":false},"excerpt":{"rendered":"<p>Willkommen zur\u00fcck auf der Baustelle der Casita Simon, wo ich euch heute unter anderem von meinen Fenstern und T\u00fcren berichten m\u00f6chte. Die Optionen waren wie immer zahlreich und einige davon haben wir schon an den Hostelgeb\u00e4uden ausprobiert. Es gibt in Panama eine Hand&#46;&#46;&#46;<\/p>\n","protected":false},"author":7,"featured_media":12708,"comment_status":"open","ping_status":"open","sticky":false,"template":"","format":"image","meta":{"ngg_post_thumbnail":0,"jetpack_post_was_ever_published":false,"_jetpack_newsletter_access":"","_jetpack_dont_email_post_to_subs":false,"_jetpack_newsletter_tier_id":0,"_jetpack_memberships_contains_paywalled_content":false,"_jetpack_memberships_contains_paid_content":false,"footnotes":"","jetpack_publicize_message":"","jetpack_publicize_feature_enabled":true,"jetpack_social_post_already_shared":true,"jetpack_social_options":{"image_generator_settings":{"template":"highway","default_image_id":0,"font":"","enabled":false},"version":2}},"categories":[1654],"tags":[1482,1512,1610,1492,1408,1689],"class_list":["post-12701","post","type-post","status-publish","format-image","has-post-thumbnail","hentry","category-casita-simon","tag-baustelle","tag-farbe","tag-fenster","tag-malen","tag-panama","tag-tueren","post_format-post-format-image"],"geo":null,"yoast_head":"<!-- This site is optimized with the Yoast SEO plugin v27.4 - https:\/\/yoast.com\/product\/yoast-seo-wordpress\/ -->\n<title>Casita Simon: Von Fenstern und Farben | Simons World<\/title>\n<meta name=\"description\" content=\"Casita Simon: Von Fenstern und Farben\" \/>\n<meta name=\"robots\" content=\"index, follow, max-snippet:-1, max-image-preview:large, max-video-preview:-1\" \/>\n<link rel=\"canonical\" href=\"https:\/\/www.simons-world.at\/rtw\/casita-simon-von-fenstern-und-farben\/\" \/>\n<meta name=\"twitter:label1\" content=\"Verfasst von\" \/>\n\t<meta name=\"twitter:data1\" content=\"Simon\" \/>\n\t<meta name=\"twitter:label2\" content=\"Gesch\u00e4tzte Lesezeit\" \/>\n\t<meta name=\"twitter:data2\" content=\"6\u00a0Minuten\" \/>\n<script type=\"application\/ld+json\" class=\"yoast-schema-graph\">{\"@context\":\"https:\\\/\\\/schema.org\",\"@graph\":[{\"@type\":\"Article\",\"@id\":\"https:\\\/\\\/www.simons-world.at\\\/rtw\\\/casita-simon-von-fenstern-und-farben\\\/#article\",\"isPartOf\":{\"@id\":\"https:\\\/\\\/www.simons-world.at\\\/rtw\\\/casita-simon-von-fenstern-und-farben\\\/\"},\"author\":{\"name\":\"Simon\",\"@id\":\"https:\\\/\\\/www.simons-world.at\\\/rtw\\\/#\\\/schema\\\/person\\\/34f3ecb2e9ff749782fee13191c36495\"},\"headline\":\"Casita Simon: Von Fenstern und Farben\",\"datePublished\":\"2021-03-07T21:18:41+00:00\",\"dateModified\":\"2021-03-07T21:18:43+00:00\",\"mainEntityOfPage\":{\"@id\":\"https:\\\/\\\/www.simons-world.at\\\/rtw\\\/casita-simon-von-fenstern-und-farben\\\/\"},\"wordCount\":1115,\"commentCount\":6,\"publisher\":{\"@id\":\"https:\\\/\\\/www.simons-world.at\\\/rtw\\\/#\\\/schema\\\/person\\\/34f3ecb2e9ff749782fee13191c36495\"},\"image\":{\"@id\":\"https:\\\/\\\/www.simons-world.at\\\/rtw\\\/casita-simon-von-fenstern-und-farben\\\/#primaryimage\"},\"thumbnailUrl\":\"https:\\\/\\\/www.simons-world.at\\\/rtw\\\/wp-content\\\/uploads\\\/2021\\\/03\\\/IMG_20210211_132736487.jpg\",\"keywords\":[\"Baustelle\",\"Farbe\",\"Fenster\",\"Malen\",\"Panama\",\"T\u00fcren\"],\"articleSection\":[\"Casita Simon\"],\"inLanguage\":\"de\",\"potentialAction\":[{\"@type\":\"CommentAction\",\"name\":\"Comment\",\"target\":[\"https:\\\/\\\/www.simons-world.at\\\/rtw\\\/casita-simon-von-fenstern-und-farben\\\/#respond\"]}]},{\"@type\":\"WebPage\",\"@id\":\"https:\\\/\\\/www.simons-world.at\\\/rtw\\\/casita-simon-von-fenstern-und-farben\\\/\",\"url\":\"https:\\\/\\\/www.simons-world.at\\\/rtw\\\/casita-simon-von-fenstern-und-farben\\\/\",\"name\":\"Casita Simon: Von Fenstern und Farben | Simons World\",\"isPartOf\":{\"@id\":\"https:\\\/\\\/www.simons-world.at\\\/rtw\\\/#website\"},\"primaryImageOfPage\":{\"@id\":\"https:\\\/\\\/www.simons-world.at\\\/rtw\\\/casita-simon-von-fenstern-und-farben\\\/#primaryimage\"},\"image\":{\"@id\":\"https:\\\/\\\/www.simons-world.at\\\/rtw\\\/casita-simon-von-fenstern-und-farben\\\/#primaryimage\"},\"thumbnailUrl\":\"https:\\\/\\\/www.simons-world.at\\\/rtw\\\/wp-content\\\/uploads\\\/2021\\\/03\\\/IMG_20210211_132736487.jpg\",\"datePublished\":\"2021-03-07T21:18:41+00:00\",\"dateModified\":\"2021-03-07T21:18:43+00:00\",\"description\":\"Casita Simon: Von Fenstern und Farben\",\"breadcrumb\":{\"@id\":\"https:\\\/\\\/www.simons-world.at\\\/rtw\\\/casita-simon-von-fenstern-und-farben\\\/#breadcrumb\"},\"inLanguage\":\"de\",\"potentialAction\":[{\"@type\":\"ReadAction\",\"target\":[\"https:\\\/\\\/www.simons-world.at\\\/rtw\\\/casita-simon-von-fenstern-und-farben\\\/\"]}]},{\"@type\":\"ImageObject\",\"inLanguage\":\"de\",\"@id\":\"https:\\\/\\\/www.simons-world.at\\\/rtw\\\/casita-simon-von-fenstern-und-farben\\\/#primaryimage\",\"url\":\"https:\\\/\\\/www.simons-world.at\\\/rtw\\\/wp-content\\\/uploads\\\/2021\\\/03\\\/IMG_20210211_132736487.jpg\",\"contentUrl\":\"https:\\\/\\\/www.simons-world.at\\\/rtw\\\/wp-content\\\/uploads\\\/2021\\\/03\\\/IMG_20210211_132736487.jpg\",\"width\":2696,\"height\":1200},{\"@type\":\"BreadcrumbList\",\"@id\":\"https:\\\/\\\/www.simons-world.at\\\/rtw\\\/casita-simon-von-fenstern-und-farben\\\/#breadcrumb\",\"itemListElement\":[{\"@type\":\"ListItem\",\"position\":1,\"name\":\"Home\",\"item\":\"https:\\\/\\\/www.simons-world.at\\\/rtw\\\/\"},{\"@type\":\"ListItem\",\"position\":2,\"name\":\"Leben in Panama\",\"item\":\"https:\\\/\\\/www.simons-world.at\\\/rtw\\\/category\\\/leben-in-panama\\\/\"},{\"@type\":\"ListItem\",\"position\":3,\"name\":\"Baustellen\",\"item\":\"https:\\\/\\\/www.simons-world.at\\\/rtw\\\/category\\\/leben-in-panama\\\/baustellen\\\/\"},{\"@type\":\"ListItem\",\"position\":4,\"name\":\"Casita Simon\",\"item\":\"https:\\\/\\\/www.simons-world.at\\\/rtw\\\/category\\\/leben-in-panama\\\/baustellen\\\/casita-simon\\\/\"},{\"@type\":\"ListItem\",\"position\":5,\"name\":\"Casita Simon: Von Fenstern und Farben\"}]},{\"@type\":\"WebSite\",\"@id\":\"https:\\\/\\\/www.simons-world.at\\\/rtw\\\/#website\",\"url\":\"https:\\\/\\\/www.simons-world.at\\\/rtw\\\/\",\"name\":\"Simons World\",\"description\":\"Not just another Travel Blog\",\"publisher\":{\"@id\":\"https:\\\/\\\/www.simons-world.at\\\/rtw\\\/#\\\/schema\\\/person\\\/34f3ecb2e9ff749782fee13191c36495\"},\"potentialAction\":[{\"@type\":\"SearchAction\",\"target\":{\"@type\":\"EntryPoint\",\"urlTemplate\":\"https:\\\/\\\/www.simons-world.at\\\/rtw\\\/?s={search_term_string}\"},\"query-input\":{\"@type\":\"PropertyValueSpecification\",\"valueRequired\":true,\"valueName\":\"search_term_string\"}}],\"inLanguage\":\"de\"},{\"@type\":[\"Person\",\"Organization\"],\"@id\":\"https:\\\/\\\/www.simons-world.at\\\/rtw\\\/#\\\/schema\\\/person\\\/34f3ecb2e9ff749782fee13191c36495\",\"name\":\"Simon\",\"logo\":{\"@id\":\"https:\\\/\\\/www.simons-world.at\\\/rtw\\\/#\\\/schema\\\/person\\\/image\\\/\"},\"sameAs\":[\"http:\\\/\\\/www.simons-world.at\"]}]}<\/script>\n<!-- \/ Yoast SEO plugin. -->","yoast_head_json":{"title":"Casita Simon: Von Fenstern und Farben | Simons World","description":"Casita Simon: Von Fenstern und Farben","robots":{"index":"index","follow":"follow","max-snippet":"max-snippet:-1","max-image-preview":"max-image-preview:large","max-video-preview":"max-video-preview:-1"},"canonical":"https:\/\/www.simons-world.at\/rtw\/casita-simon-von-fenstern-und-farben\/","twitter_misc":{"Verfasst von":"Simon","Gesch\u00e4tzte Lesezeit":"6\u00a0Minuten"},"schema":{"@context":"https:\/\/schema.org","@graph":[{"@type":"Article","@id":"https:\/\/www.simons-world.at\/rtw\/casita-simon-von-fenstern-und-farben\/#article","isPartOf":{"@id":"https:\/\/www.simons-world.at\/rtw\/casita-simon-von-fenstern-und-farben\/"},"author":{"name":"Simon","@id":"https:\/\/www.simons-world.at\/rtw\/#\/schema\/person\/34f3ecb2e9ff749782fee13191c36495"},"headline":"Casita Simon: Von Fenstern und Farben","datePublished":"2021-03-07T21:18:41+00:00","dateModified":"2021-03-07T21:18:43+00:00","mainEntityOfPage":{"@id":"https:\/\/www.simons-world.at\/rtw\/casita-simon-von-fenstern-und-farben\/"},"wordCount":1115,"commentCount":6,"publisher":{"@id":"https:\/\/www.simons-world.at\/rtw\/#\/schema\/person\/34f3ecb2e9ff749782fee13191c36495"},"image":{"@id":"https:\/\/www.simons-world.at\/rtw\/casita-simon-von-fenstern-und-farben\/#primaryimage"},"thumbnailUrl":"https:\/\/www.simons-world.at\/rtw\/wp-content\/uploads\/2021\/03\/IMG_20210211_132736487.jpg","keywords":["Baustelle","Farbe","Fenster","Malen","Panama","T\u00fcren"],"articleSection":["Casita Simon"],"inLanguage":"de","potentialAction":[{"@type":"CommentAction","name":"Comment","target":["https:\/\/www.simons-world.at\/rtw\/casita-simon-von-fenstern-und-farben\/#respond"]}]},{"@type":"WebPage","@id":"https:\/\/www.simons-world.at\/rtw\/casita-simon-von-fenstern-und-farben\/","url":"https:\/\/www.simons-world.at\/rtw\/casita-simon-von-fenstern-und-farben\/","name":"Casita Simon: Von Fenstern und Farben | Simons World","isPartOf":{"@id":"https:\/\/www.simons-world.at\/rtw\/#website"},"primaryImageOfPage":{"@id":"https:\/\/www.simons-world.at\/rtw\/casita-simon-von-fenstern-und-farben\/#primaryimage"},"image":{"@id":"https:\/\/www.simons-world.at\/rtw\/casita-simon-von-fenstern-und-farben\/#primaryimage"},"thumbnailUrl":"https:\/\/www.simons-world.at\/rtw\/wp-content\/uploads\/2021\/03\/IMG_20210211_132736487.jpg","datePublished":"2021-03-07T21:18:41+00:00","dateModified":"2021-03-07T21:18:43+00:00","description":"Casita Simon: Von Fenstern und Farben","breadcrumb":{"@id":"https:\/\/www.simons-world.at\/rtw\/casita-simon-von-fenstern-und-farben\/#breadcrumb"},"inLanguage":"de","potentialAction":[{"@type":"ReadAction","target":["https:\/\/www.simons-world.at\/rtw\/casita-simon-von-fenstern-und-farben\/"]}]},{"@type":"ImageObject","inLanguage":"de","@id":"https:\/\/www.simons-world.at\/rtw\/casita-simon-von-fenstern-und-farben\/#primaryimage","url":"https:\/\/www.simons-world.at\/rtw\/wp-content\/uploads\/2021\/03\/IMG_20210211_132736487.jpg","contentUrl":"https:\/\/www.simons-world.at\/rtw\/wp-content\/uploads\/2021\/03\/IMG_20210211_132736487.jpg","width":2696,"height":1200},{"@type":"BreadcrumbList","@id":"https:\/\/www.simons-world.at\/rtw\/casita-simon-von-fenstern-und-farben\/#breadcrumb","itemListElement":[{"@type":"ListItem","position":1,"name":"Home","item":"https:\/\/www.simons-world.at\/rtw\/"},{"@type":"ListItem","position":2,"name":"Leben in Panama","item":"https:\/\/www.simons-world.at\/rtw\/category\/leben-in-panama\/"},{"@type":"ListItem","position":3,"name":"Baustellen","item":"https:\/\/www.simons-world.at\/rtw\/category\/leben-in-panama\/baustellen\/"},{"@type":"ListItem","position":4,"name":"Casita Simon","item":"https:\/\/www.simons-world.at\/rtw\/category\/leben-in-panama\/baustellen\/casita-simon\/"},{"@type":"ListItem","position":5,"name":"Casita Simon: Von Fenstern und Farben"}]},{"@type":"WebSite","@id":"https:\/\/www.simons-world.at\/rtw\/#website","url":"https:\/\/www.simons-world.at\/rtw\/","name":"Simons World","description":"Not just another Travel Blog","publisher":{"@id":"https:\/\/www.simons-world.at\/rtw\/#\/schema\/person\/34f3ecb2e9ff749782fee13191c36495"},"potentialAction":[{"@type":"SearchAction","target":{"@type":"EntryPoint","urlTemplate":"https:\/\/www.simons-world.at\/rtw\/?s={search_term_string}"},"query-input":{"@type":"PropertyValueSpecification","valueRequired":true,"valueName":"search_term_string"}}],"inLanguage":"de"},{"@type":["Person","Organization"],"@id":"https:\/\/www.simons-world.at\/rtw\/#\/schema\/person\/34f3ecb2e9ff749782fee13191c36495","name":"Simon","logo":{"@id":"https:\/\/www.simons-world.at\/rtw\/#\/schema\/person\/image\/"},"sameAs":["http:\/\/www.simons-world.at"]}]}},"jetpack_publicize_connections":[],"jetpack_featured_media_url":"https:\/\/www.simons-world.at\/rtw\/wp-content\/uploads\/2021\/03\/IMG_20210211_132736487.jpg","jetpack_sharing_enabled":true,"_links":{"self":[{"href":"https:\/\/www.simons-world.at\/rtw\/wp-json\/wp\/v2\/posts\/12701","targetHints":{"allow":["GET"]}}],"collection":[{"href":"https:\/\/www.simons-world.at\/rtw\/wp-json\/wp\/v2\/posts"}],"about":[{"href":"https:\/\/www.simons-world.at\/rtw\/wp-json\/wp\/v2\/types\/post"}],"author":[{"embeddable":true,"href":"https:\/\/www.simons-world.at\/rtw\/wp-json\/wp\/v2\/users\/7"}],"replies":[{"embeddable":true,"href":"https:\/\/www.simons-world.at\/rtw\/wp-json\/wp\/v2\/comments?post=12701"}],"version-history":[{"count":2,"href":"https:\/\/www.simons-world.at\/rtw\/wp-json\/wp\/v2\/posts\/12701\/revisions"}],"predecessor-version":[{"id":12710,"href":"https:\/\/www.simons-world.at\/rtw\/wp-json\/wp\/v2\/posts\/12701\/revisions\/12710"}],"wp:featuredmedia":[{"embeddable":true,"href":"https:\/\/www.simons-world.at\/rtw\/wp-json\/wp\/v2\/media\/12708"}],"wp:attachment":[{"href":"https:\/\/www.simons-world.at\/rtw\/wp-json\/wp\/v2\/media?parent=12701"}],"wp:term":[{"taxonomy":"category","embeddable":true,"href":"https:\/\/www.simons-world.at\/rtw\/wp-json\/wp\/v2\/categories?post=12701"},{"taxonomy":"post_tag","embeddable":true,"href":"https:\/\/www.simons-world.at\/rtw\/wp-json\/wp\/v2\/tags?post=12701"}],"curies":[{"name":"wp","href":"https:\/\/api.w.org\/{rel}","templated":true}]}}