{"id":11750,"date":"2020-04-26T19:57:43","date_gmt":"2020-04-26T17:57:43","guid":{"rendered":"https:\/\/www.simons-world.at\/rtw\/?p=11750"},"modified":"2020-04-27T02:43:21","modified_gmt":"2020-04-27T00:43:21","slug":"covid-19-in-panama-der-wahnsinn-geht-weiter","status":"publish","type":"post","link":"https:\/\/www.simons-world.at\/rtw\/covid-19-in-panama-der-wahnsinn-geht-weiter\/","title":{"rendered":"COVID-19 in Panama: Der Wahnsinn geht weiter"},"content":{"rendered":"\n<p>Es ist bereits Ende April, seit \u00fcber einem Monat gilt in Panama und vielen anderen L\u00e4ndern die \u201etotale Quarant\u00e4ne\u201c. Man k\u00f6nnte also sagen der Wahnsinn ging und geht weiter. Gl\u00fccklicherweise geht dieser Wahnsinn aber nicht von irgendeinem Virus aus, sondern vielmehr von den total in Angst versetzten Menschen, die immer mehr durchzudrehen scheinen. Nein, der Virus ist nicht das eigentliche Problem hier. Schon im Februar als Wuhan abgeriegelt wurde, machte ich mir mehr Sorgen um die menschlichen Reaktionen, als um irgendeinen Virus.<\/p>\n\n\n\n<h3 class=\"wp-block-heading\">Kein Virus sondern Angst<\/h3>\n\n\n\n<p>So kam es in Norditalien unter anderem nur deshalb zu den viel gezeigten Bildern mit Milit\u00e4rlastern voller S\u00e4rgen, weil die Totengr\u00e4ber aus Angst vor dem Virus streikten. Ebenso wurden aus Angst konventionelle Begr\u00e4bnisse verboten und alle Toten mussten einge\u00e4schert werden. Weil in Italien sonst nur sehr wenige Leichen verbrannt werden, haben die Kapazit\u00e4ten daf\u00fcr einfach nicht gereicht.<\/p>\n\n\n\n<p>Zum italienischen Gesundheitssystem muss\nman auch nicht viele Worte verlieren, waren diese sogenannten Krankenh\u00e4user\nbisher doch bei jeder herk\u00f6mmlichen Grippewelle schon bis \u00fcber ihre Grenzen\nausgelastet. Nein, so schlimm ist Corona wahrlich nicht. \u00c4hnliche Meldungen\nkommen aus Spanien, Frankreich oder auch Kanada, wo das Pflegepersonal der Altersheime\naus Angst zu Hause geblieben ist. Die hilflosen alten Menschen tagelang auf\nsich alleine gestellt, w\u00fcrde ich jetzt auch nicht als Corona Tote z\u00e4hlen.<\/p>\n\n\n\n<p>Viel schlimmer noch zum Beispiel in Ecuador, wo die Totengr\u00e4ber einer ganzen Millionenstadt aus Angst streikten und die Menschen irgendwann einfach keine andere M\u00f6glichkeit mehr sahen, als die Leichen auf offener Stra\u00dfe anzuz\u00fcnden. Wieder wurden diese schlimmen Bilder nicht von einem Virus, sondern einzig und alleine von Menschen verursacht. Zu der Situation in L\u00e4ndern wie S\u00fcdafrika muss man wohl nichts sagen, Mord, Totschlag und Pl\u00fcnderei sind dort schon lange an der Tagesordnung. Wohl \u00e4hnlich wie die aktuell wieder brennenden Autos in so manchen Pariser Vororten.<\/p>\n\n\n\n<p>Brennen tut hier nichts, doch auch Panama\nbefindet sich in einer selbst herbeigef\u00fchrten Ausnahmesituation. Das ganze Land\nist abgeriegelt, der Notstand ist ausgerufen, es herrscht strikte\nAusgangssperre, die Angst geht um sich. Kurz gesagt: Panama befolgt die\nEmpfehlungen der Weltgesundheitsorganisation, ist also sozusagen ein Mitl\u00e4ufer.\nVirus hin oder her, gef\u00e4hrlich oder nicht, die getroffenen Ma\u00dfnahmen haben\nbereits gro\u00dfen Schaden angerichtet. Die Regierung, das Gesundheitssystem sowie\ndie innere Sicherheit stehen nun quasi selbstverschuldet auf der Probe. <\/p>\n\n\n\n<p>Irgendwie nat\u00fcrlich auch be\u00e4ngstigend in\neinem fremden Land zu sein, wo man in letzter Konsequenz halt nicht wirklich\nabsch\u00e4tzen kann, was vielleicht alles passieren k\u00f6nnte. Es ist ein harter Test\nf\u00fcr das Land, doch ebenso eine gute Gelegenheit f\u00fcr uns, unserer Wahlheimat auf\nden Zahn zu f\u00fchlen. Ich will nachfolgend mal versuchen einige positive Dinge hervorzuheben.<\/p>\n\n\n\n<h3 class=\"wp-block-heading\"><strong>Versorgungssicherheit<\/strong><\/h3>\n\n\n\n<p>Man muss wissen, dass die Situation hier eine vollkommen andere ist als in Mitteleuropa. Ein gro\u00dfer Teil der hiesigen Bev\u00f6lkerung lebt von der Hand in den Mund und wenn das Tageseinkommen fehlt, fehlt auch das Abendessen. Mit Erteilung der Ausgangssperre hat sich die Regierung hier also gleichzeitig die Verantwortung aufgeladen, mehrere Millionen Menschen zu ern\u00e4hren, die das ohne Arbeit derzeit nicht mehr selbst k\u00f6nnen. <\/p>\n\n\n\n<figure class=\"wp-block-image\"><a href=\"https:\/\/www.simons-world.at\/rtw\/wp-content\/uploads\/2020\/04\/Bolsa-de-comida.jpg\"><img loading=\"lazy\" decoding=\"async\" width=\"720\" height=\"480\" src=\"https:\/\/www.simons-world.at\/rtw\/wp-content\/uploads\/2020\/04\/Bolsa-de-comida-720x480.jpg\" alt=\"\" class=\"wp-image-11751\" srcset=\"https:\/\/www.simons-world.at\/rtw\/wp-content\/uploads\/2020\/04\/Bolsa-de-comida-720x480.jpg 720w, https:\/\/www.simons-world.at\/rtw\/wp-content\/uploads\/2020\/04\/Bolsa-de-comida-300x200.jpg 300w, https:\/\/www.simons-world.at\/rtw\/wp-content\/uploads\/2020\/04\/Bolsa-de-comida-768x511.jpg 768w, https:\/\/www.simons-world.at\/rtw\/wp-content\/uploads\/2020\/04\/Bolsa-de-comida-520x346.jpg 520w, https:\/\/www.simons-world.at\/rtw\/wp-content\/uploads\/2020\/04\/Bolsa-de-comida.jpg 1000w\" sizes=\"auto, (max-width: 720px) 100vw, 720px\" \/><\/a><\/figure>\n\n\n\n<p>Kein Wunder also, dass von der Regierung\ngleich zu Beginn der \u201ePandemie\u201c das Projekt <a href=\"http:\/\/www.panamasolidario.gob.pa\/\">Panama Solidario<\/a> ins Leben\ngerufen wurde. T\u00e4glich werden im ganzen Land rund eine halbe Million\nEssenspakete verteilt, welche s\u00e4mtliche Grundnahrungsmittel enthalten. In\ndichter besiedelten Gebieten wo der n\u00e4chste Supermarkt nicht weit ist, werden\ndagegen t\u00e4glich mehrere hunderttausend Gutscheine ausgegeben. Die Logistik\ndaf\u00fcr ist nat\u00fcrlich eine Herausforderung und s\u00e4mtliche lokale und nationale\nBeh\u00f6rden arbeiten dabei Hand in Hand.<\/p>\n\n\n\n<p>Obwohl es hier und da zu kleineren\nUnregelm\u00e4\u00dfigkeiten gekommen ist, funktioniert es soweit ich beurteilen kann\nbisher recht gut. Auch an unserer Finca in Santa Fe fahren immer mal wieder\nLKW-Konvois mit <a href=\"https:\/\/twitter.com\/LaVozDeVeraguas\/status\/1252674983828033549\">Hilfslieferungen<\/a>\nvorbei. Doch wir k\u00f6nnen uns gl\u00fccklicherweise noch selber versorgen, wenn auch\nin zeitlich limitierten Fenstern. Die Supermarktregale in Santa Fe waren\n\u00fcbrigens zu jeder Zeit gut gef\u00fcllt, von Mangel keine Spur. Auch keine\nBremsspur, denn Klopapier war hier nie Mangelware.<\/p>\n\n\n\n<h3 class=\"wp-block-heading\"><strong>Gesundheitssystem<\/strong><\/h3>\n\n\n\n<p>Bei mittlerweile 26.642 durchgef\u00fchrten Tests und 5.779 best\u00e4tigten Grippef\u00e4llen, kann man dem kleinen panamaischen Gesundheitssystem wohl nur gute Noten ausstellen. Das Personal arbeitet professionell und bleibt nicht aus Angst daheim. \u00c4rzte, Pfleger, Krankenschwestern und zahlreiche Freiwillige sind t\u00e4glich im Einsatz. Das R\u00e4dchen dreht sich und das Pflichtbewusstsein scheint hier zu meiner Verwunderung sogar gr\u00f6\u00dfer zu sein, als in manchen Teilen Europas.<\/p>\n\n\n\n<figure class=\"wp-block-image\"><a href=\"https:\/\/www.simons-world.at\/rtw\/wp-content\/uploads\/2020\/04\/IMG_20200404_074632698.jpg\"><img loading=\"lazy\" decoding=\"async\" width=\"720\" height=\"406\" src=\"https:\/\/www.simons-world.at\/rtw\/wp-content\/uploads\/2020\/04\/IMG_20200404_074632698-720x406.jpg\" alt=\"\" class=\"wp-image-11753\" srcset=\"https:\/\/www.simons-world.at\/rtw\/wp-content\/uploads\/2020\/04\/IMG_20200404_074632698-720x406.jpg 720w, https:\/\/www.simons-world.at\/rtw\/wp-content\/uploads\/2020\/04\/IMG_20200404_074632698-300x169.jpg 300w, https:\/\/www.simons-world.at\/rtw\/wp-content\/uploads\/2020\/04\/IMG_20200404_074632698-768x433.jpg 768w, https:\/\/www.simons-world.at\/rtw\/wp-content\/uploads\/2020\/04\/IMG_20200404_074632698-520x294.jpg 520w\" sizes=\"auto, (max-width: 720px) 100vw, 720px\" \/><\/a><figcaption> &#8222;Pandemie&#8220;-Ma\u00dfnahme:  Auto wird deinfiziert und Fieber gemessen am Kontrollpunkt vor Santa Fe<\/figcaption><\/figure>\n\n\n\n<p>Und obwohl die regul\u00e4ren Krankenh\u00e4user noch\nweit von ihrer Kapazit\u00e4tsgrenze entfernt sind, wurde bereits wie in anderen\nL\u00e4ndern auch, in nur 28 Tagen ein <a href=\"https:\/\/www.prensa.com\/sociedad\/hospital-modular-para-pacientes-criticos-con-covid-19-tiene-un-98-de-avance\/\">modulares\nKrankenhaus<\/a> gebaut und eingerichtet. Die Versorgung der \u201enormalen\u201c Kranken\nist ebenfalls gew\u00e4hrleistet. Daf\u00fcr gibt es zum Beispiel einen Medikamente\nLieferservice, damit chronisch Kranke nicht das Haus verlassen m\u00fcssen. <\/p>\n\n\n\n<p>W\u00e4hrend der \u201ePandemie\u201c hat die Gesundheitsbeh\u00f6rde\ndie Z\u00fcgel in der Hand und gibt vor, welche Ma\u00dfnahmen in welchem Umfang\ngetroffen werden m\u00fcssen. Alle Informationen zu Testergebnissen und dem Status\nder Erkrankten werden in einer t\u00e4glichen Pressekonferenz (Angstporno vom\nfeinsten) ver\u00f6ffentlicht. Transparenz wird suggeriert, doch in erster Linie\nscheint es auch hier nur darum zu gehen, m\u00f6glichst viel Angst und Panik zu\nverbreiten.<\/p>\n\n\n\n<p>Ein kurzes Beispiel: Frage ich heute 10 zuf\u00e4llig ausgew\u00e4hlte Personen nach ihrem Geschlecht, werden 6 Frauen dabei sein. Frage ich morgen 25 Personen, sind es schon 14 Frauen. Am n\u00e4chsten Tag frage ich 50 Personen und siehe da, es sind 27 Frauen. Klare Sache, die M\u00e4nner sterben aus. Schlie\u00dflich werden es jeden Tag mehr Frauen. Erst 6, dann 14 und nun schon 27? Hilfe!<\/p>\n\n\n\n<p>Aber solche Zusammenh\u00e4nge sind ja selbst\nvielen Leuten in Europa zu hoch, was will man da erwarten? Ein tolles Beispiel\nist noch Schweden, wo vollkommen angst- und panikfrei unter minimalen\nEinschr\u00e4nkungen ganz normal weitergelebt wurde. <a href=\"https:\/\/www.meinbezirk.at\/niederoesterreich\/c-politik\/schweden-epidemie-geht-ohne-lockdown-zu-ende_a4042380#gallery=null\">Auch\ndort geht die \u201ePandemie\u201c zu Ende<\/a>. Wie kann das \u00fcberhaupt sein? <\/p>\n\n\n\n<h3 class=\"wp-block-heading\"><strong>Sicherheit<\/strong><\/h3>\n\n\n\n<p>Zur Durchsetzung der Corona-Ma\u00dfnahmen in Panama, sind landesweit etwa 30.000 zus\u00e4tzliche Sicherheitsbeamte im Einsatz. Zahlreiche Kontrollpunkte und Patrouillen wurden eingerichtet um die strikte Befolgung der Ausgangszeiten zu \u00fcberwachen. Gepanzerte Fahrzeuge und Helikopter patrouillieren in den Gegenden mit den meisten Verst\u00f6\u00dfen, um etwaige Unruhen schon im Keim zu ersticken. <\/p>\n\n\n\n<figure class=\"wp-block-image\"><a href=\"https:\/\/www.simons-world.at\/rtw\/wp-content\/uploads\/2020\/04\/IMG_20200402_080351970.jpg\"><img loading=\"lazy\" decoding=\"async\" width=\"720\" height=\"406\" src=\"https:\/\/www.simons-world.at\/rtw\/wp-content\/uploads\/2020\/04\/IMG_20200402_080351970-720x406.jpg\" alt=\"\" class=\"wp-image-11752\" srcset=\"https:\/\/www.simons-world.at\/rtw\/wp-content\/uploads\/2020\/04\/IMG_20200402_080351970-720x406.jpg 720w, https:\/\/www.simons-world.at\/rtw\/wp-content\/uploads\/2020\/04\/IMG_20200402_080351970-300x169.jpg 300w, https:\/\/www.simons-world.at\/rtw\/wp-content\/uploads\/2020\/04\/IMG_20200402_080351970-768x433.jpg 768w, https:\/\/www.simons-world.at\/rtw\/wp-content\/uploads\/2020\/04\/IMG_20200402_080351970-520x293.jpg 520w\" sizes=\"auto, (max-width: 720px) 100vw, 720px\" \/><\/a><figcaption>&#8222;Pandemie&#8220;-Ma\u00dfnahme: Anstehen zum Einkaufen in Santa Fe<\/figcaption><\/figure>\n\n\n\n<p>Seit dem Beginn der Quarant\u00e4ne wurden rund\n20.000 Personen vor\u00fcbergehend festgenommen. In der Regel wird man dabei zur\nn\u00e4chstgelegenen Polizeistation gekarrt und von einem speziellen Richter im\nschnellverfahren verurteilt. Gro\u00dfteils sind das nat\u00fcrlich kleine Geldstrafen,\ndoch manche lokale Verwaltungsbeh\u00f6rden verurteilen die Quarant\u00e4ne-Versto\u00dfer\nauch zum Stra\u00dfenkehren. <\/p>\n\n\n\n<p>Mit einer Mischung aus Angst verbreiten und Strafe androhen, hat man es doch tats\u00e4chlich geschafft, die meisten Menschen schon \u00fcber einen Monat lang in ihren Wohnungen bzw. H\u00e4usern zu halten. Die Polizei und Justiz funktioniert weiterhin gut, es gibt keine Ausfallerscheinungen oder gar ein Aufflammen der Kriminalit\u00e4t w\u00e4hrend der Quarant\u00e4ne. Egal wie man zu den Ma\u00dfnahmen steht, die Sicherheitslage ist wohl als gut zu beurteilen.<\/p>\n\n\n\n<h3 class=\"wp-block-heading\"><strong>Finanzielle\nFolgen<\/strong><\/h3>\n\n\n\n<p>Bei einer beispiellosen Totalsperre eines ganzen Landes, entstehen auch beispiellose Sch\u00e4den an der Volkswirtschaft. Da Panama nat\u00fcrlich keine hunderte Milliarden Klopapiergeld drucken kann, braucht es hier andere Ans\u00e4tze. Bei vielen Banken schon umgesetzt und als Gesetz noch in der Pr\u00fcfung, ist eine Aufschiebung s\u00e4mtlicher Kreditzahlungen.<\/p>\n\n\n\n<p>Sei es Immobilienkredit, Leasingauto oder Konsumkredit, s\u00e4mtliche Raten k\u00f6nnen f\u00fcr mehrere Monate straffrei ausgesetzt werden, wobei sich die Kreditlaufzeit entsprechend verl\u00e4ngert, anstatt einen gro\u00dfen Turm f\u00e4lliger Zahlungen aufzubauen. \u00c4hnlich bei den Rechnungen f\u00fcr Strom, Wasser, Internet und Kabelfernsehen, wo die ausgelassenen Zahlungen dann einfach auf die n\u00e4chsten Jahre verteilt abbezahlt werden k\u00f6nnen. Eine \u00e4hnliche Regelung soll auch f\u00fcr s\u00e4mtliche private und kommerzielle Mietvertr\u00e4ge kommen.<\/p>\n\n\n\n<p>Ein interessanter Ansatz und zusammen mit\nangek\u00fcndigten Investitionen in Infrastrukturprojekte f\u00fcr die Zeit nach der \u201ePandemie\u201c,\nk\u00f6nnte das vielleicht ausreichend sein um die Wirtschaft in Panama am Leben zu\nerhalten. Vorausgesetzt die Quarant\u00e4ne wird jetzt mal irgendwann wieder\naufgehoben. <\/p>\n\n\n\n<h3 class=\"wp-block-heading\"><strong>Global\ngesehen<\/strong><\/h3>\n\n\n\n<p>Global gesehen wird das nicht so einfach werden und der unvermeidbare Gedanke dr\u00e4ngt sich auf, dass diese Grippe tats\u00e4chlich nur instrumentalisiert wird und wurde, um ganz andere Dinge durchzusetzen. Sei es nun ein weiterer Ausbau der Massen\u00fcberwachung, Einf\u00fchrung von Impfpflicht oder gar der komplette Neustart des globalen Finanzsystems. Ich kann nur jedem raten in diesen Zeiten die Geschehnisse ganz genau zu verfolgen. Bereits die Wortkreation \u201eneue Normalit\u00e4t\u201c l\u00e4sst mich dabei Schlimmes erahnen.<\/p>\n\n\n\n<p>Werden wir uns jemals wieder so frei\nbewegen d\u00fcrfen wie im Jahr 2019? Was wird es f\u00fcr Auflagen daf\u00fcr geben? Maskenpflicht\nf\u00fcr alle Impfverweigerer? Flugreisen nur noch f\u00fcr Zwangsgeimpfte? Werden wir\nbald alle einen Ortungschip oder eine \u00dcberwachungs-App mitf\u00fchren m\u00fcssen?\nNat\u00fcrlich nur zu unserer Sicherheit? Um jetzt zu sagen \u201eWehret den Anf\u00e4ngen!\u201c\nist es wohl schon fast 20 Jahre zu sp\u00e4t, werden uns unsere Freiheitsrechte doch\nseit dem Beginn des \u201eKrieges gegen den Terror\u201c systematisch entzogen. Nat\u00fcrlich\nnur zur unserer Sicherheit! Interessant, dass in diesen Tagen erneut von \u201eKrieg\u201c\ngesprochen wird. Klar, der Krieg gegen die Grippe. WAS DENN AUCH SONST?<\/p>\n\n\n\n<p>\u00dcbrigens: Manche indigenen V\u00f6lker opfern\nbei gro\u00dfen Katastrophen ihre Anf\u00fchrer, um die G\u00f6tter zu bes\u00e4nftigen. Ich finde\nja man sollte wirklich nichts unversucht lassen, um diese schreckliche \u201ePandemie\u201c\neinzud\u00e4mmen.<\/p>\n\n\n\n<p>In diesem Sinne, bis zum n\u00e4chsten Mal!<\/p>\n","protected":false},"excerpt":{"rendered":"<p>Es ist bereits Ende April, seit \u00fcber einem Monat gilt in Panama und vielen anderen L\u00e4ndern die \u201etotale Quarant\u00e4ne\u201c. Man k\u00f6nnte also sagen der Wahnsinn ging und geht weiter. Gl\u00fccklicherweise geht dieser Wahnsinn aber nicht von irgendeinem Virus aus, sondern vielmehr von den&#46;&#46;&#46;<\/p>\n","protected":false},"author":7,"featured_media":11753,"comment_status":"open","ping_status":"open","sticky":false,"template":"","format":"image","meta":{"ngg_post_thumbnail":0,"jetpack_post_was_ever_published":false,"_jetpack_newsletter_access":"","_jetpack_dont_email_post_to_subs":false,"_jetpack_newsletter_tier_id":0,"_jetpack_memberships_contains_paywalled_content":false,"_jetpack_memberships_contains_paid_content":false,"footnotes":"","jetpack_publicize_message":"","jetpack_publicize_feature_enabled":true,"jetpack_social_post_already_shared":true,"jetpack_social_options":{"image_generator_settings":{"template":"highway","default_image_id":0,"font":"","enabled":false},"version":2}},"categories":[1537],"tags":[1657,1408,1656],"class_list":["post-11750","post","type-post","status-publish","format-image","has-post-thumbnail","hentry","category-erfahrungsberichte","tag-covid-19","tag-panama","tag-quarantaene","post_format-post-format-image"],"geo":null,"yoast_head":"<!-- This site is optimized with the Yoast SEO plugin v27.5 - https:\/\/yoast.com\/product\/yoast-seo-wordpress\/ -->\n<title>COVID-19 in Panama: Der Wahnsinn geht weiter | Simons World<\/title>\n<meta name=\"description\" content=\"COVID-19 in Panama: Der Wahnsinn geht weiter\" \/>\n<meta name=\"robots\" content=\"index, follow, max-snippet:-1, max-image-preview:large, max-video-preview:-1\" \/>\n<link rel=\"canonical\" href=\"https:\/\/www.simons-world.at\/rtw\/covid-19-in-panama-der-wahnsinn-geht-weiter\/\" \/>\n<meta name=\"twitter:label1\" content=\"Verfasst von\" \/>\n\t<meta name=\"twitter:data1\" content=\"Simon\" \/>\n\t<meta name=\"twitter:label2\" content=\"Gesch\u00e4tzte Lesezeit\" \/>\n\t<meta name=\"twitter:data2\" content=\"8\u00a0Minuten\" \/>\n<script type=\"application\/ld+json\" class=\"yoast-schema-graph\">{\"@context\":\"https:\\\/\\\/schema.org\",\"@graph\":[{\"@type\":\"Article\",\"@id\":\"https:\\\/\\\/www.simons-world.at\\\/rtw\\\/covid-19-in-panama-der-wahnsinn-geht-weiter\\\/#article\",\"isPartOf\":{\"@id\":\"https:\\\/\\\/www.simons-world.at\\\/rtw\\\/covid-19-in-panama-der-wahnsinn-geht-weiter\\\/\"},\"author\":{\"name\":\"Simon\",\"@id\":\"https:\\\/\\\/www.simons-world.at\\\/rtw\\\/#\\\/schema\\\/person\\\/34f3ecb2e9ff749782fee13191c36495\"},\"headline\":\"COVID-19 in Panama: Der Wahnsinn geht weiter\",\"datePublished\":\"2020-04-26T17:57:43+00:00\",\"dateModified\":\"2020-04-27T00:43:21+00:00\",\"mainEntityOfPage\":{\"@id\":\"https:\\\/\\\/www.simons-world.at\\\/rtw\\\/covid-19-in-panama-der-wahnsinn-geht-weiter\\\/\"},\"wordCount\":1602,\"commentCount\":12,\"publisher\":{\"@id\":\"https:\\\/\\\/www.simons-world.at\\\/rtw\\\/#\\\/schema\\\/person\\\/34f3ecb2e9ff749782fee13191c36495\"},\"image\":{\"@id\":\"https:\\\/\\\/www.simons-world.at\\\/rtw\\\/covid-19-in-panama-der-wahnsinn-geht-weiter\\\/#primaryimage\"},\"thumbnailUrl\":\"https:\\\/\\\/www.simons-world.at\\\/rtw\\\/wp-content\\\/uploads\\\/2020\\\/04\\\/IMG_20200404_074632698.jpg\",\"keywords\":[\"COVID-19\",\"Panama\",\"Quarant\u00e4ne\"],\"articleSection\":[\"Erfahrungsberichte\"],\"inLanguage\":\"de\",\"potentialAction\":[{\"@type\":\"CommentAction\",\"name\":\"Comment\",\"target\":[\"https:\\\/\\\/www.simons-world.at\\\/rtw\\\/covid-19-in-panama-der-wahnsinn-geht-weiter\\\/#respond\"]}]},{\"@type\":\"WebPage\",\"@id\":\"https:\\\/\\\/www.simons-world.at\\\/rtw\\\/covid-19-in-panama-der-wahnsinn-geht-weiter\\\/\",\"url\":\"https:\\\/\\\/www.simons-world.at\\\/rtw\\\/covid-19-in-panama-der-wahnsinn-geht-weiter\\\/\",\"name\":\"COVID-19 in Panama: Der Wahnsinn geht weiter | Simons World\",\"isPartOf\":{\"@id\":\"https:\\\/\\\/www.simons-world.at\\\/rtw\\\/#website\"},\"primaryImageOfPage\":{\"@id\":\"https:\\\/\\\/www.simons-world.at\\\/rtw\\\/covid-19-in-panama-der-wahnsinn-geht-weiter\\\/#primaryimage\"},\"image\":{\"@id\":\"https:\\\/\\\/www.simons-world.at\\\/rtw\\\/covid-19-in-panama-der-wahnsinn-geht-weiter\\\/#primaryimage\"},\"thumbnailUrl\":\"https:\\\/\\\/www.simons-world.at\\\/rtw\\\/wp-content\\\/uploads\\\/2020\\\/04\\\/IMG_20200404_074632698.jpg\",\"datePublished\":\"2020-04-26T17:57:43+00:00\",\"dateModified\":\"2020-04-27T00:43:21+00:00\",\"description\":\"COVID-19 in Panama: Der Wahnsinn geht weiter\",\"breadcrumb\":{\"@id\":\"https:\\\/\\\/www.simons-world.at\\\/rtw\\\/covid-19-in-panama-der-wahnsinn-geht-weiter\\\/#breadcrumb\"},\"inLanguage\":\"de\",\"potentialAction\":[{\"@type\":\"ReadAction\",\"target\":[\"https:\\\/\\\/www.simons-world.at\\\/rtw\\\/covid-19-in-panama-der-wahnsinn-geht-weiter\\\/\"]}]},{\"@type\":\"ImageObject\",\"inLanguage\":\"de\",\"@id\":\"https:\\\/\\\/www.simons-world.at\\\/rtw\\\/covid-19-in-panama-der-wahnsinn-geht-weiter\\\/#primaryimage\",\"url\":\"https:\\\/\\\/www.simons-world.at\\\/rtw\\\/wp-content\\\/uploads\\\/2020\\\/04\\\/IMG_20200404_074632698.jpg\",\"contentUrl\":\"https:\\\/\\\/www.simons-world.at\\\/rtw\\\/wp-content\\\/uploads\\\/2020\\\/04\\\/IMG_20200404_074632698.jpg\",\"width\":2126,\"height\":1200},{\"@type\":\"BreadcrumbList\",\"@id\":\"https:\\\/\\\/www.simons-world.at\\\/rtw\\\/covid-19-in-panama-der-wahnsinn-geht-weiter\\\/#breadcrumb\",\"itemListElement\":[{\"@type\":\"ListItem\",\"position\":1,\"name\":\"Home\",\"item\":\"https:\\\/\\\/www.simons-world.at\\\/rtw\\\/\"},{\"@type\":\"ListItem\",\"position\":2,\"name\":\"Leben in Panama\",\"item\":\"https:\\\/\\\/www.simons-world.at\\\/rtw\\\/category\\\/leben-in-panama\\\/\"},{\"@type\":\"ListItem\",\"position\":3,\"name\":\"Erfahrungsberichte\",\"item\":\"https:\\\/\\\/www.simons-world.at\\\/rtw\\\/category\\\/leben-in-panama\\\/erfahrungsberichte\\\/\"},{\"@type\":\"ListItem\",\"position\":4,\"name\":\"COVID-19 in Panama: Der Wahnsinn geht weiter\"}]},{\"@type\":\"WebSite\",\"@id\":\"https:\\\/\\\/www.simons-world.at\\\/rtw\\\/#website\",\"url\":\"https:\\\/\\\/www.simons-world.at\\\/rtw\\\/\",\"name\":\"Simons World\",\"description\":\"Not just another Travel Blog\",\"publisher\":{\"@id\":\"https:\\\/\\\/www.simons-world.at\\\/rtw\\\/#\\\/schema\\\/person\\\/34f3ecb2e9ff749782fee13191c36495\"},\"potentialAction\":[{\"@type\":\"SearchAction\",\"target\":{\"@type\":\"EntryPoint\",\"urlTemplate\":\"https:\\\/\\\/www.simons-world.at\\\/rtw\\\/?s={search_term_string}\"},\"query-input\":{\"@type\":\"PropertyValueSpecification\",\"valueRequired\":true,\"valueName\":\"search_term_string\"}}],\"inLanguage\":\"de\"},{\"@type\":[\"Person\",\"Organization\"],\"@id\":\"https:\\\/\\\/www.simons-world.at\\\/rtw\\\/#\\\/schema\\\/person\\\/34f3ecb2e9ff749782fee13191c36495\",\"name\":\"Simon\",\"logo\":{\"@id\":\"https:\\\/\\\/www.simons-world.at\\\/rtw\\\/#\\\/schema\\\/person\\\/image\\\/\"},\"sameAs\":[\"http:\\\/\\\/www.simons-world.at\"]}]}<\/script>\n<!-- \/ Yoast SEO plugin. -->","yoast_head_json":{"title":"COVID-19 in Panama: Der Wahnsinn geht weiter | Simons World","description":"COVID-19 in Panama: Der Wahnsinn geht weiter","robots":{"index":"index","follow":"follow","max-snippet":"max-snippet:-1","max-image-preview":"max-image-preview:large","max-video-preview":"max-video-preview:-1"},"canonical":"https:\/\/www.simons-world.at\/rtw\/covid-19-in-panama-der-wahnsinn-geht-weiter\/","twitter_misc":{"Verfasst von":"Simon","Gesch\u00e4tzte Lesezeit":"8\u00a0Minuten"},"schema":{"@context":"https:\/\/schema.org","@graph":[{"@type":"Article","@id":"https:\/\/www.simons-world.at\/rtw\/covid-19-in-panama-der-wahnsinn-geht-weiter\/#article","isPartOf":{"@id":"https:\/\/www.simons-world.at\/rtw\/covid-19-in-panama-der-wahnsinn-geht-weiter\/"},"author":{"name":"Simon","@id":"https:\/\/www.simons-world.at\/rtw\/#\/schema\/person\/34f3ecb2e9ff749782fee13191c36495"},"headline":"COVID-19 in Panama: Der Wahnsinn geht weiter","datePublished":"2020-04-26T17:57:43+00:00","dateModified":"2020-04-27T00:43:21+00:00","mainEntityOfPage":{"@id":"https:\/\/www.simons-world.at\/rtw\/covid-19-in-panama-der-wahnsinn-geht-weiter\/"},"wordCount":1602,"commentCount":12,"publisher":{"@id":"https:\/\/www.simons-world.at\/rtw\/#\/schema\/person\/34f3ecb2e9ff749782fee13191c36495"},"image":{"@id":"https:\/\/www.simons-world.at\/rtw\/covid-19-in-panama-der-wahnsinn-geht-weiter\/#primaryimage"},"thumbnailUrl":"https:\/\/www.simons-world.at\/rtw\/wp-content\/uploads\/2020\/04\/IMG_20200404_074632698.jpg","keywords":["COVID-19","Panama","Quarant\u00e4ne"],"articleSection":["Erfahrungsberichte"],"inLanguage":"de","potentialAction":[{"@type":"CommentAction","name":"Comment","target":["https:\/\/www.simons-world.at\/rtw\/covid-19-in-panama-der-wahnsinn-geht-weiter\/#respond"]}]},{"@type":"WebPage","@id":"https:\/\/www.simons-world.at\/rtw\/covid-19-in-panama-der-wahnsinn-geht-weiter\/","url":"https:\/\/www.simons-world.at\/rtw\/covid-19-in-panama-der-wahnsinn-geht-weiter\/","name":"COVID-19 in Panama: Der Wahnsinn geht weiter | Simons World","isPartOf":{"@id":"https:\/\/www.simons-world.at\/rtw\/#website"},"primaryImageOfPage":{"@id":"https:\/\/www.simons-world.at\/rtw\/covid-19-in-panama-der-wahnsinn-geht-weiter\/#primaryimage"},"image":{"@id":"https:\/\/www.simons-world.at\/rtw\/covid-19-in-panama-der-wahnsinn-geht-weiter\/#primaryimage"},"thumbnailUrl":"https:\/\/www.simons-world.at\/rtw\/wp-content\/uploads\/2020\/04\/IMG_20200404_074632698.jpg","datePublished":"2020-04-26T17:57:43+00:00","dateModified":"2020-04-27T00:43:21+00:00","description":"COVID-19 in Panama: Der Wahnsinn geht weiter","breadcrumb":{"@id":"https:\/\/www.simons-world.at\/rtw\/covid-19-in-panama-der-wahnsinn-geht-weiter\/#breadcrumb"},"inLanguage":"de","potentialAction":[{"@type":"ReadAction","target":["https:\/\/www.simons-world.at\/rtw\/covid-19-in-panama-der-wahnsinn-geht-weiter\/"]}]},{"@type":"ImageObject","inLanguage":"de","@id":"https:\/\/www.simons-world.at\/rtw\/covid-19-in-panama-der-wahnsinn-geht-weiter\/#primaryimage","url":"https:\/\/www.simons-world.at\/rtw\/wp-content\/uploads\/2020\/04\/IMG_20200404_074632698.jpg","contentUrl":"https:\/\/www.simons-world.at\/rtw\/wp-content\/uploads\/2020\/04\/IMG_20200404_074632698.jpg","width":2126,"height":1200},{"@type":"BreadcrumbList","@id":"https:\/\/www.simons-world.at\/rtw\/covid-19-in-panama-der-wahnsinn-geht-weiter\/#breadcrumb","itemListElement":[{"@type":"ListItem","position":1,"name":"Home","item":"https:\/\/www.simons-world.at\/rtw\/"},{"@type":"ListItem","position":2,"name":"Leben in Panama","item":"https:\/\/www.simons-world.at\/rtw\/category\/leben-in-panama\/"},{"@type":"ListItem","position":3,"name":"Erfahrungsberichte","item":"https:\/\/www.simons-world.at\/rtw\/category\/leben-in-panama\/erfahrungsberichte\/"},{"@type":"ListItem","position":4,"name":"COVID-19 in Panama: Der Wahnsinn geht weiter"}]},{"@type":"WebSite","@id":"https:\/\/www.simons-world.at\/rtw\/#website","url":"https:\/\/www.simons-world.at\/rtw\/","name":"Simons World","description":"Not just another Travel Blog","publisher":{"@id":"https:\/\/www.simons-world.at\/rtw\/#\/schema\/person\/34f3ecb2e9ff749782fee13191c36495"},"potentialAction":[{"@type":"SearchAction","target":{"@type":"EntryPoint","urlTemplate":"https:\/\/www.simons-world.at\/rtw\/?s={search_term_string}"},"query-input":{"@type":"PropertyValueSpecification","valueRequired":true,"valueName":"search_term_string"}}],"inLanguage":"de"},{"@type":["Person","Organization"],"@id":"https:\/\/www.simons-world.at\/rtw\/#\/schema\/person\/34f3ecb2e9ff749782fee13191c36495","name":"Simon","logo":{"@id":"https:\/\/www.simons-world.at\/rtw\/#\/schema\/person\/image\/"},"sameAs":["http:\/\/www.simons-world.at"]}]}},"jetpack_publicize_connections":[],"jetpack_featured_media_url":"https:\/\/www.simons-world.at\/rtw\/wp-content\/uploads\/2020\/04\/IMG_20200404_074632698.jpg","jetpack_sharing_enabled":true,"_links":{"self":[{"href":"https:\/\/www.simons-world.at\/rtw\/wp-json\/wp\/v2\/posts\/11750","targetHints":{"allow":["GET"]}}],"collection":[{"href":"https:\/\/www.simons-world.at\/rtw\/wp-json\/wp\/v2\/posts"}],"about":[{"href":"https:\/\/www.simons-world.at\/rtw\/wp-json\/wp\/v2\/types\/post"}],"author":[{"embeddable":true,"href":"https:\/\/www.simons-world.at\/rtw\/wp-json\/wp\/v2\/users\/7"}],"replies":[{"embeddable":true,"href":"https:\/\/www.simons-world.at\/rtw\/wp-json\/wp\/v2\/comments?post=11750"}],"version-history":[{"count":5,"href":"https:\/\/www.simons-world.at\/rtw\/wp-json\/wp\/v2\/posts\/11750\/revisions"}],"predecessor-version":[{"id":11761,"href":"https:\/\/www.simons-world.at\/rtw\/wp-json\/wp\/v2\/posts\/11750\/revisions\/11761"}],"wp:featuredmedia":[{"embeddable":true,"href":"https:\/\/www.simons-world.at\/rtw\/wp-json\/wp\/v2\/media\/11753"}],"wp:attachment":[{"href":"https:\/\/www.simons-world.at\/rtw\/wp-json\/wp\/v2\/media?parent=11750"}],"wp:term":[{"taxonomy":"category","embeddable":true,"href":"https:\/\/www.simons-world.at\/rtw\/wp-json\/wp\/v2\/categories?post=11750"},{"taxonomy":"post_tag","embeddable":true,"href":"https:\/\/www.simons-world.at\/rtw\/wp-json\/wp\/v2\/tags?post=11750"}],"curies":[{"name":"wp","href":"https:\/\/api.w.org\/{rel}","templated":true}]}}