{"id":11307,"date":"2019-11-26T23:12:16","date_gmt":"2019-11-26T21:12:16","guid":{"rendered":"https:\/\/www.simons-world.at\/rtw\/?p=11307"},"modified":"2019-11-27T03:42:20","modified_gmt":"2019-11-27T01:42:20","slug":"sonne-strand-und-meer-lago-bay-santa-catalina","status":"publish","type":"post","link":"https:\/\/www.simons-world.at\/rtw\/sonne-strand-und-meer-lago-bay-santa-catalina\/","title":{"rendered":"Sonne, Strand und Meer in der Lago Bay in Santa Catalina"},"content":{"rendered":"\n<p>Nach unserem Aufenthalt in <a href=\"https:\/\/www.simons-world.at\/rtw\/ausflug-zum-meer-nach-pedasi-und-die-isla-iguana\/\">Pedas\u00ed\nund dem Ausflug zur Isla Iguana<\/a>, sollte es nun noch ein paar Tage nach\nSanta Catalina gehen. Leichter gesagt als getan, denn obwohl wir weniger als\n100km Luftlinie von Catalina entfernt waren, waren es auf der Stra\u00dfe fast\ndreimal so viele Kilometer, die wir zur\u00fccklegen mussten. Bei den Stra\u00dfenverh\u00e4ltnissen\nin Panama bedeutete das knapp 4,5 Stunden Autofahren.<\/p>\n\n\n\n<p>Mit Harry, Beate und jeder Menge\nGep\u00e4ck im Jimny, machten wir dann wieder in Santiago halt, wo wir unsere\nVorr\u00e4te aufstockten. Diesmal gab es kein Alkoholverkaufsverbot aber daf\u00fcr eine\nandere Art von Problem. Da Harry und Beate Vegetarier sind und ich jetzt nicht\nunbedingt vor deren Nasen leckere Fleischgerichte zubereiten wollte, musste ich\nauf anderem Wege an meine Kalorien kommen.<\/p>\n\n\n\n<iframe loading=\"lazy\" src=\"https:\/\/www.google.com\/maps\/embed?pb=!1m28!1m12!1m3!1d1012223.1510788989!2d-80.84952429121311!3d7.683502756440376!2m3!1f0!2f0!3f0!3m2!1i1024!2i768!4f13.1!4m13!3e0!4m5!1s0x8fb27d889b7036cd%3A0x6f0bb4183c338f56!2zUGVkYXPDrQ!3m2!1d7.5202138!2d-80.0758425!4m5!1s0x8fb1d93751e3a455%3A0x97cd3d6feee1163d!2sSanta%20Catalina!3m2!1d7.639245!2d-81.263908!5e0!3m2!1sen!2spa!4v1574817354373!5m2!1sen!2spa\" width=\"100%\" height=\"350\" frameborder=\"0\" style=\"border:0;\" allowfullscreen=\"\"><\/iframe>\n\n\n\n<p>Mit jeder Menge Lebensmittel und\neinem 12er Pack Donuts im Gep\u00e4ck, ging es dann schlie\u00dflich weiter Richtung\nSanta Catalina. Anstatt in ein Hotel zu gehen, haben wir uns auch dort wieder\nein eigenes kleines H\u00e4uschen gemietet. Wie es der Zufall will, besitzt einer\nunserer Nachbaren in Santa Fe, auch eine gro\u00dfe Finca samt Mieth\u00e4uschen in Santa\nCatalina.<\/p>\n\n\n\n<p>Er nennt das ganze <a href=\"https:\/\/www.lagobay.com\/\">Lago Bay<\/a> und bietet neben\n\u00dcbernachtungsm\u00f6glichkeiten f\u00fcr Touristen auch Land und H\u00e4user zum Verkauf,\nbetreibt Kokosnuss-, Moringa- und Kaffeeplantagen und besch\u00e4ftigt Freiwillige\naus der ganzen Welt. Doch anstatt zum Arbeiten waren wir zum Relaxen gekommen,\nwas auf der einladenden Dachterrasse mit H\u00e4ngematten und Meerblick auch nicht\nsonderlich schwerfiel.<\/p>\n\n\n\n<figure class=\"wp-block-image\"><a href=\"https:\/\/www.simons-world.at\/rtw\/wp-content\/uploads\/2019\/11\/IMG_20191105_153234920.jpg\"><img loading=\"lazy\" decoding=\"async\" width=\"720\" height=\"405\" src=\"https:\/\/www.simons-world.at\/rtw\/wp-content\/uploads\/2019\/11\/IMG_20191105_153234920-720x405.jpg\" alt=\"\" class=\"wp-image-11311\" srcset=\"https:\/\/www.simons-world.at\/rtw\/wp-content\/uploads\/2019\/11\/IMG_20191105_153234920-720x405.jpg 720w, https:\/\/www.simons-world.at\/rtw\/wp-content\/uploads\/2019\/11\/IMG_20191105_153234920-300x169.jpg 300w, https:\/\/www.simons-world.at\/rtw\/wp-content\/uploads\/2019\/11\/IMG_20191105_153234920-768x432.jpg 768w, https:\/\/www.simons-world.at\/rtw\/wp-content\/uploads\/2019\/11\/IMG_20191105_153234920-520x293.jpg 520w\" sizes=\"auto, (max-width: 720px) 100vw, 720px\" \/><\/a><figcaption>Die H\u00e4ngematte auf der Dachterrasse<\/figcaption><\/figure>\n\n\n\n<p>So verschlief ich gleich den kompletten\nrestlichen Tag auf dem Dachgeschoss bei herrlicher Ruhe und angenehmen Temperaturen.\nJa das Wetter ganz im Allgemeinen hat uns seit der Ankunft von Harry und Beate schon\n\u00f6fters \u00fcberrascht, denn seit Tagen und Wochen hat es eigentlich nicht mehr\nrichtig geregnet. Sollte das Anfang November bereits das Ende der Regenzeit\nsein? Es wird sich zeigen.<\/p>\n\n\n\n<p>F\u00fcr den Moment war uns das aber\nganz recht, denn am n\u00e4chsten Tag fuhren wir ins nahe gelegene Santa Catalina,\nwo wir uns die Str\u00e4nde ankucken wollten. Die Fahrt dahin war abenteuerlich und\nbisher wohl die schlechteste Stra\u00dfe in ganz Panama. Nach 10 Minuten\nslalomfahren waren wir schlie\u00dflich am Playa Estero angelangt. <\/p>\n\n\n\n<figure class=\"wp-block-image\"><a href=\"https:\/\/www.simons-world.at\/rtw\/wp-content\/uploads\/2019\/11\/IMG_20191106_105836832_HDR.jpg\"><img loading=\"lazy\" decoding=\"async\" width=\"720\" height=\"406\" src=\"https:\/\/www.simons-world.at\/rtw\/wp-content\/uploads\/2019\/11\/IMG_20191106_105836832_HDR-720x406.jpg\" alt=\"\" class=\"wp-image-11312\" srcset=\"https:\/\/www.simons-world.at\/rtw\/wp-content\/uploads\/2019\/11\/IMG_20191106_105836832_HDR-720x406.jpg 720w, https:\/\/www.simons-world.at\/rtw\/wp-content\/uploads\/2019\/11\/IMG_20191106_105836832_HDR-300x169.jpg 300w, https:\/\/www.simons-world.at\/rtw\/wp-content\/uploads\/2019\/11\/IMG_20191106_105836832_HDR-768x433.jpg 768w, https:\/\/www.simons-world.at\/rtw\/wp-content\/uploads\/2019\/11\/IMG_20191106_105836832_HDR-520x293.jpg 520w\" sizes=\"auto, (max-width: 720px) 100vw, 720px\" \/><\/a><figcaption>Der Jimny am Playa Estero <\/figcaption><\/figure>\n\n\n\n<p>Dieser riesige Strandabschnitt ist\ndie Heimat sanfter, rollender Wellen, weshalb man hier fast jeden Tag\nSurfanf\u00e4nger bei ihren ersten Versuchen beobachten kann. Der Surfboardverleih war\nf\u00fcr uns allerdings nicht attraktiv und der aktuelle Gezeitenstand war auch\nnicht ideal, sodass wir uns wenig sp\u00e4ter auf den Weg zum nahe gelegenen Playa\nSanta Catalina machten.<\/p>\n\n\n\n<p>Es ist der zentrale Strand in Catalina,\nmehr oder weniger direkt im Dorfzentrum, und von hier startet jegliche Art von Action.\nSeien es Surf-, Kajak-, Fisch-, Schnorchel- oder Tauchausfl\u00fcge, hier gibt es\nalles. Auf dem Fluss, der quasi durch die Mitte des Strandes fliest, fahren Ausflugsboote\nein und aus und bieten unter anderem Tagesausfl\u00fcge in den Coiba Nationalpark. <\/p>\n\n\n\n<ul class=\"wp-block-gallery columns-3 is-cropped wp-block-gallery-1 is-layout-flex wp-block-gallery-is-layout-flex\"><li class=\"blocks-gallery-item\"><figure><a href=\"https:\/\/www.simons-world.at\/rtw\/wp-content\/uploads\/2019\/11\/DSC02508-720x406.jpg\"><img loading=\"lazy\" decoding=\"async\" width=\"720\" height=\"406\" src=\"https:\/\/www.simons-world.at\/rtw\/wp-content\/uploads\/2019\/11\/DSC02508-720x406.jpg\" alt=\"\" data-id=\"11313\" data-link=\"https:\/\/www.simons-world.at\/rtw\/?attachment_id=11313\" class=\"wp-image-11313\" srcset=\"https:\/\/www.simons-world.at\/rtw\/wp-content\/uploads\/2019\/11\/DSC02508-720x406.jpg 720w, https:\/\/www.simons-world.at\/rtw\/wp-content\/uploads\/2019\/11\/DSC02508-300x169.jpg 300w, https:\/\/www.simons-world.at\/rtw\/wp-content\/uploads\/2019\/11\/DSC02508-768x433.jpg 768w, https:\/\/www.simons-world.at\/rtw\/wp-content\/uploads\/2019\/11\/DSC02508-520x293.jpg 520w\" sizes=\"auto, (max-width: 720px) 100vw, 720px\" \/><\/a><\/figure><\/li><li class=\"blocks-gallery-item\"><figure><a href=\"https:\/\/www.simons-world.at\/rtw\/wp-content\/uploads\/2019\/11\/DSC02510-720x406.jpg\"><img loading=\"lazy\" decoding=\"async\" width=\"720\" height=\"406\" src=\"https:\/\/www.simons-world.at\/rtw\/wp-content\/uploads\/2019\/11\/DSC02510-720x406.jpg\" alt=\"\" data-id=\"11314\" data-link=\"https:\/\/www.simons-world.at\/rtw\/?attachment_id=11314\" class=\"wp-image-11314\" srcset=\"https:\/\/www.simons-world.at\/rtw\/wp-content\/uploads\/2019\/11\/DSC02510-720x406.jpg 720w, https:\/\/www.simons-world.at\/rtw\/wp-content\/uploads\/2019\/11\/DSC02510-300x169.jpg 300w, https:\/\/www.simons-world.at\/rtw\/wp-content\/uploads\/2019\/11\/DSC02510-768x433.jpg 768w, https:\/\/www.simons-world.at\/rtw\/wp-content\/uploads\/2019\/11\/DSC02510-520x293.jpg 520w\" sizes=\"auto, (max-width: 720px) 100vw, 720px\" \/><\/a><\/figure><\/li><li class=\"blocks-gallery-item\"><figure><a href=\"https:\/\/www.simons-world.at\/rtw\/wp-content\/uploads\/2019\/11\/DSC02515-720x405.jpg\"><img loading=\"lazy\" decoding=\"async\" width=\"720\" height=\"405\" src=\"https:\/\/www.simons-world.at\/rtw\/wp-content\/uploads\/2019\/11\/DSC02515-720x405.jpg\" alt=\"\" data-id=\"11316\" data-link=\"https:\/\/www.simons-world.at\/rtw\/?attachment_id=11316\" class=\"wp-image-11316\" srcset=\"https:\/\/www.simons-world.at\/rtw\/wp-content\/uploads\/2019\/11\/DSC02515-720x405.jpg 720w, https:\/\/www.simons-world.at\/rtw\/wp-content\/uploads\/2019\/11\/DSC02515-300x169.jpg 300w, https:\/\/www.simons-world.at\/rtw\/wp-content\/uploads\/2019\/11\/DSC02515-768x432.jpg 768w, https:\/\/www.simons-world.at\/rtw\/wp-content\/uploads\/2019\/11\/DSC02515-520x293.jpg 520w\" sizes=\"auto, (max-width: 720px) 100vw, 720px\" \/><\/a><\/figure><\/li><li class=\"blocks-gallery-item\"><figure><a href=\"https:\/\/www.simons-world.at\/rtw\/wp-content\/uploads\/2019\/11\/DSC02540-720x406.jpg\"><img loading=\"lazy\" decoding=\"async\" width=\"720\" height=\"406\" src=\"https:\/\/www.simons-world.at\/rtw\/wp-content\/uploads\/2019\/11\/DSC02540-720x406.jpg\" alt=\"\" data-id=\"11317\" data-link=\"https:\/\/www.simons-world.at\/rtw\/?attachment_id=11317\" class=\"wp-image-11317\" srcset=\"https:\/\/www.simons-world.at\/rtw\/wp-content\/uploads\/2019\/11\/DSC02540-720x406.jpg 720w, https:\/\/www.simons-world.at\/rtw\/wp-content\/uploads\/2019\/11\/DSC02540-300x169.jpg 300w, https:\/\/www.simons-world.at\/rtw\/wp-content\/uploads\/2019\/11\/DSC02540-768x433.jpg 768w, https:\/\/www.simons-world.at\/rtw\/wp-content\/uploads\/2019\/11\/DSC02540-520x293.jpg 520w\" sizes=\"auto, (max-width: 720px) 100vw, 720px\" \/><\/a><\/figure><\/li><\/ul>\n\n\n\n<p>Doch der Strand ist weitl\u00e4ufig und\nau\u00dfer ein paar Einheimischen konnten wir an diesem sch\u00f6nen Vormittag nicht viele\nLeute sehen. Wir spazierten \u00fcber den feuchten Sand, vorbei an Kokospalmen und Mangroven,\nbis wir schlie\u00dflich auf die obligatorische Schaukel am Strand stie\u00dfen. Es war\nein sch\u00f6nes Pl\u00e4tzchen und im Schatten mit traumhafter Aussicht lies es sich gut\naushalten. <\/p>\n\n\n\n<p>Am fr\u00fchen Nachmittag machten wir\nuns dann auf den R\u00fcckweg und versuchten noch vergeblich frisches Obst im Dorf\nzu bekommen. Der Obsth\u00e4ndler war um halb zwei Uhr nachmittags noch in der\nMittagspause und ansonsten sah es ziemlich ern\u00fcchternd aus. Das ist auch eine\nEigenheit von Panama, dass zwar \u00fcberall frisches Obst und Gem\u00fcse wachsen, es\naber speziell in kleineren Ortschaften kaum welches zu kaufen gibt.<\/p>\n\n\n\n<p>Ich gehe davon aus jeder hat hier\neinfach im Garten was er so will und braucht und deshalb findet sich kaum etwas\ndavon in den L\u00e4den. Zur\u00fcck an unserem Ferienhaus entdeckten wir dann tats\u00e4chlich\neinige reife Papayas an den Stauden rund ums Haus, die aber um einiges zu hoch\nhingen, um sie ohne Hilfsmittel zu erreichen. Ein Bambusstock mit einem daran\ngeklebten Plastikeimer erf\u00fcllte diesen Zweck jedoch pr\u00e4chtig und wenig sp\u00e4ter hatten\nwir die frischen Fr\u00fcchte auf dem Tisch.<\/p>\n\n\n\n<p>F\u00fcr den restlichen Tag machte ich es\nmir dann wieder zwei Stockwerke h\u00f6her, n\u00e4mlich in der H\u00e4ngematte auf der\nsch\u00f6nen Dachterrasse, gem\u00fctlich. Am dritten und letzten Tag im beschaulichen\nSanta Catalina lie\u00dfen wir es dann auch ganz gem\u00fctlich angehen und besuchten\nlediglich den fu\u00dfl\u00e4ufig erreichbaren Playa Lagartero. Direkt an den Grenzen der\nLago Bay gibt es hier einen unber\u00fchrten Sandstrand mit idyllischen Palmen und\nMangrovenw\u00e4ldern zu bestaunen.<\/p>\n\n\n\n<ul class=\"wp-block-gallery columns-3 is-cropped wp-block-gallery-2 is-layout-flex wp-block-gallery-is-layout-flex\"><li class=\"blocks-gallery-item\"><figure><a href=\"https:\/\/www.simons-world.at\/rtw\/wp-content\/uploads\/2019\/11\/DSC02546-720x407.jpg\"><img loading=\"lazy\" decoding=\"async\" width=\"720\" height=\"407\" src=\"https:\/\/www.simons-world.at\/rtw\/wp-content\/uploads\/2019\/11\/DSC02546-720x407.jpg\" alt=\"\" data-id=\"11318\" data-link=\"https:\/\/www.simons-world.at\/rtw\/?attachment_id=11318\" class=\"wp-image-11318\" srcset=\"https:\/\/www.simons-world.at\/rtw\/wp-content\/uploads\/2019\/11\/DSC02546-720x407.jpg 720w, https:\/\/www.simons-world.at\/rtw\/wp-content\/uploads\/2019\/11\/DSC02546-300x169.jpg 300w, https:\/\/www.simons-world.at\/rtw\/wp-content\/uploads\/2019\/11\/DSC02546-768x434.jpg 768w, https:\/\/www.simons-world.at\/rtw\/wp-content\/uploads\/2019\/11\/DSC02546-520x294.jpg 520w\" sizes=\"auto, (max-width: 720px) 100vw, 720px\" \/><\/a><\/figure><\/li><li class=\"blocks-gallery-item\"><figure><a href=\"https:\/\/www.simons-world.at\/rtw\/wp-content\/uploads\/2019\/11\/DSC02547-720x406.jpg\"><img loading=\"lazy\" decoding=\"async\" width=\"720\" height=\"406\" src=\"https:\/\/www.simons-world.at\/rtw\/wp-content\/uploads\/2019\/11\/DSC02547-720x406.jpg\" alt=\"\" data-id=\"11319\" data-link=\"https:\/\/www.simons-world.at\/rtw\/?attachment_id=11319\" class=\"wp-image-11319\" srcset=\"https:\/\/www.simons-world.at\/rtw\/wp-content\/uploads\/2019\/11\/DSC02547-720x406.jpg 720w, https:\/\/www.simons-world.at\/rtw\/wp-content\/uploads\/2019\/11\/DSC02547-300x169.jpg 300w, https:\/\/www.simons-world.at\/rtw\/wp-content\/uploads\/2019\/11\/DSC02547-768x433.jpg 768w, https:\/\/www.simons-world.at\/rtw\/wp-content\/uploads\/2019\/11\/DSC02547-520x293.jpg 520w\" sizes=\"auto, (max-width: 720px) 100vw, 720px\" \/><\/a><\/figure><\/li><li class=\"blocks-gallery-item\"><figure><a href=\"https:\/\/www.simons-world.at\/rtw\/wp-content\/uploads\/2019\/11\/DSC02551-720x405.jpg\"><img loading=\"lazy\" decoding=\"async\" width=\"720\" height=\"405\" src=\"https:\/\/www.simons-world.at\/rtw\/wp-content\/uploads\/2019\/11\/DSC02551-720x405.jpg\" alt=\"\" data-id=\"11320\" data-link=\"https:\/\/www.simons-world.at\/rtw\/?attachment_id=11320\" class=\"wp-image-11320\" srcset=\"https:\/\/www.simons-world.at\/rtw\/wp-content\/uploads\/2019\/11\/DSC02551-720x405.jpg 720w, https:\/\/www.simons-world.at\/rtw\/wp-content\/uploads\/2019\/11\/DSC02551-300x169.jpg 300w, https:\/\/www.simons-world.at\/rtw\/wp-content\/uploads\/2019\/11\/DSC02551-768x432.jpg 768w, https:\/\/www.simons-world.at\/rtw\/wp-content\/uploads\/2019\/11\/DSC02551-520x293.jpg 520w\" sizes=\"auto, (max-width: 720px) 100vw, 720px\" \/><\/a><\/figure><\/li><li class=\"blocks-gallery-item\"><figure><a href=\"https:\/\/www.simons-world.at\/rtw\/wp-content\/uploads\/2019\/11\/DSC02558-720x405.jpg\"><img loading=\"lazy\" decoding=\"async\" width=\"720\" height=\"405\" src=\"https:\/\/www.simons-world.at\/rtw\/wp-content\/uploads\/2019\/11\/DSC02558-720x405.jpg\" alt=\"\" data-id=\"11322\" data-link=\"https:\/\/www.simons-world.at\/rtw\/?attachment_id=11322\" class=\"wp-image-11322\" srcset=\"https:\/\/www.simons-world.at\/rtw\/wp-content\/uploads\/2019\/11\/DSC02558-720x405.jpg 720w, https:\/\/www.simons-world.at\/rtw\/wp-content\/uploads\/2019\/11\/DSC02558-300x169.jpg 300w, https:\/\/www.simons-world.at\/rtw\/wp-content\/uploads\/2019\/11\/DSC02558-768x432.jpg 768w, https:\/\/www.simons-world.at\/rtw\/wp-content\/uploads\/2019\/11\/DSC02558-520x293.jpg 520w\" sizes=\"auto, (max-width: 720px) 100vw, 720px\" \/><\/a><\/figure><\/li><li class=\"blocks-gallery-item\"><figure><a href=\"https:\/\/www.simons-world.at\/rtw\/wp-content\/uploads\/2019\/11\/IMG_20191106_100732574_HDR-720x405.jpg\"><img loading=\"lazy\" decoding=\"async\" width=\"720\" height=\"405\" src=\"https:\/\/www.simons-world.at\/rtw\/wp-content\/uploads\/2019\/11\/IMG_20191106_100732574_HDR-720x405.jpg\" alt=\"\" data-id=\"11323\" data-link=\"https:\/\/www.simons-world.at\/rtw\/?attachment_id=11323\" class=\"wp-image-11323\" srcset=\"https:\/\/www.simons-world.at\/rtw\/wp-content\/uploads\/2019\/11\/IMG_20191106_100732574_HDR-720x405.jpg 720w, https:\/\/www.simons-world.at\/rtw\/wp-content\/uploads\/2019\/11\/IMG_20191106_100732574_HDR-300x169.jpg 300w, https:\/\/www.simons-world.at\/rtw\/wp-content\/uploads\/2019\/11\/IMG_20191106_100732574_HDR-768x432.jpg 768w, https:\/\/www.simons-world.at\/rtw\/wp-content\/uploads\/2019\/11\/IMG_20191106_100732574_HDR-520x293.jpg 520w\" sizes=\"auto, (max-width: 720px) 100vw, 720px\" \/><\/a><\/figure><\/li><\/ul>\n\n\n\n<p>Die Mangrovenw\u00e4lder sorgen leider\nauch daf\u00fcr, dass das Wasser direkt an der K\u00fcste tr\u00fcb und br\u00e4unlich gef\u00e4rbt war,\nweil die hier ins Meer m\u00fcndenden Fl\u00fcsse zurzeit nat\u00fcrlich so einiges an\nSedimenten aus dem Inland ansp\u00fclen. Doch mich st\u00f6rte das nicht wirklich und so\nh\u00fcpfte ich immer mal wieder ins Wasser um mich abzuk\u00fchlen. Dazwischen spielte\nich mit der Drohne, versuchte frische Kokosn\u00fcsse von einer Palme zu bekommen\nund sammelte allerhand Pflanzen und Samen f\u00fcr unseren Garten in Santa Fe. Wer\nwei\u00df, vielleicht wird dort bald die ein oder andere Kokospalme wachsen.<\/p>\n\n\n\n<p>Ja ihr seht schon, selbst an\nmeinem f\u00fcr die absehbare Zukunft letzten Urlaubstag, kann ich nicht die\nGedanken von der Finca in Santa Fe lassen. Und das ist auch irgendwie gut so.\nEs war jedenfalls eine tolle Zeit mit Harry und Beate, in Santa Fe genauso wie\nin Pedas\u00ed und Santa Catalina. Die beiden werden sich jetzt noch einige Tage in\nder Karibik \u00f6stlich von Colon vergn\u00fcgen, bevor es dann wenig sp\u00e4ter zur\u00fcck ins\nkalte \u00d6sterreich gehen wird.<\/p>\n\n\n\n<figure class=\"wp-block-image\"><img loading=\"lazy\" decoding=\"async\" width=\"720\" height=\"540\" src=\"https:\/\/www.simons-world.at\/rtw\/wp-content\/uploads\/2019\/11\/6aba3523-ea6e-4379-afad-aa9bf23e616a-720x540.jpg\" alt=\"\" class=\"wp-image-11324\" srcset=\"https:\/\/www.simons-world.at\/rtw\/wp-content\/uploads\/2019\/11\/6aba3523-ea6e-4379-afad-aa9bf23e616a-720x540.jpg 720w, https:\/\/www.simons-world.at\/rtw\/wp-content\/uploads\/2019\/11\/6aba3523-ea6e-4379-afad-aa9bf23e616a-300x225.jpg 300w, https:\/\/www.simons-world.at\/rtw\/wp-content\/uploads\/2019\/11\/6aba3523-ea6e-4379-afad-aa9bf23e616a-768x576.jpg 768w, https:\/\/www.simons-world.at\/rtw\/wp-content\/uploads\/2019\/11\/6aba3523-ea6e-4379-afad-aa9bf23e616a-520x390.jpg 520w, https:\/\/www.simons-world.at\/rtw\/wp-content\/uploads\/2019\/11\/6aba3523-ea6e-4379-afad-aa9bf23e616a.jpg 1600w\" sizes=\"auto, (max-width: 720px) 100vw, 720px\" \/><\/figure>\n\n\n\n<p>Wir danken euch alle nochmal f\u00fcr\nden netten Besuch und hoffen das es nicht der letzte gewesen ist. F\u00fcr uns hier\ngeht es jetzt auch wieder an die Arbeit und ich freue mich schon im n\u00e4chsten\nBeitrag davon zu berichten. Bis dann!<\/p>\n","protected":false},"excerpt":{"rendered":"<p>Nach unserem Aufenthalt in Pedas\u00ed und dem Ausflug zur Isla Iguana, sollte es nun noch ein paar Tage nach Santa Catalina gehen. Leichter gesagt als getan, denn obwohl wir weniger als 100km Luftlinie von Catalina entfernt waren, waren es auf der Stra\u00dfe fast&#46;&#46;&#46;<\/p>\n","protected":false},"author":7,"featured_media":11309,"comment_status":"open","ping_status":"open","sticky":false,"template":"","format":"image","meta":{"ngg_post_thumbnail":0,"jetpack_post_was_ever_published":false,"_jetpack_newsletter_access":"","_jetpack_dont_email_post_to_subs":false,"_jetpack_newsletter_tier_id":0,"_jetpack_memberships_contains_paywalled_content":false,"_jetpack_memberships_contains_paid_content":false,"footnotes":"","jetpack_publicize_message":"","jetpack_publicize_feature_enabled":true,"jetpack_social_post_already_shared":true,"jetpack_social_options":{"image_generator_settings":{"template":"highway","default_image_id":0,"font":"","enabled":false},"version":2}},"categories":[1407],"tags":[1631,112,1408,1633,1635,1634,1630,92],"class_list":["post-11307","post","type-post","status-publish","format-image","has-post-thumbnail","hentry","category-panama","tag-lago-bay","tag-meer","tag-panama","tag-playa-estero","tag-playa-lagartero","tag-playa-santa-catalina","tag-santa-catalina","tag-strand","post_format-post-format-image"],"geo":{"latitude":7.62727209999999988809804563061334192752838134765625,"longitude":-81.2543639999999953715814626775681972503662109375,"description":null},"yoast_head":"<!-- This site is optimized with the Yoast SEO plugin v27.5 - https:\/\/yoast.com\/product\/yoast-seo-wordpress\/ -->\n<title>Sonne, Strand und Meer in der Lago Bay in Santa Catalina | Simons World<\/title>\n<meta name=\"description\" content=\"Sonne, Strand und Meer in der Lago Bay in Santa Catalina\" \/>\n<meta name=\"robots\" content=\"index, follow, max-snippet:-1, max-image-preview:large, max-video-preview:-1\" \/>\n<link rel=\"canonical\" href=\"https:\/\/www.simons-world.at\/rtw\/sonne-strand-und-meer-lago-bay-santa-catalina\/\" \/>\n<meta name=\"twitter:label1\" content=\"Verfasst von\" \/>\n\t<meta name=\"twitter:data1\" content=\"Simon\" \/>\n\t<meta name=\"twitter:label2\" content=\"Gesch\u00e4tzte Lesezeit\" \/>\n\t<meta name=\"twitter:data2\" content=\"5\u00a0Minuten\" \/>\n<script type=\"application\/ld+json\" class=\"yoast-schema-graph\">{\"@context\":\"https:\\\/\\\/schema.org\",\"@graph\":[{\"@type\":\"Article\",\"@id\":\"https:\\\/\\\/www.simons-world.at\\\/rtw\\\/sonne-strand-und-meer-lago-bay-santa-catalina\\\/#article\",\"isPartOf\":{\"@id\":\"https:\\\/\\\/www.simons-world.at\\\/rtw\\\/sonne-strand-und-meer-lago-bay-santa-catalina\\\/\"},\"author\":{\"name\":\"Simon\",\"@id\":\"https:\\\/\\\/www.simons-world.at\\\/rtw\\\/#\\\/schema\\\/person\\\/34f3ecb2e9ff749782fee13191c36495\"},\"headline\":\"Sonne, Strand und Meer in der Lago Bay in Santa Catalina\",\"datePublished\":\"2019-11-26T21:12:16+00:00\",\"dateModified\":\"2019-11-27T01:42:20+00:00\",\"mainEntityOfPage\":{\"@id\":\"https:\\\/\\\/www.simons-world.at\\\/rtw\\\/sonne-strand-und-meer-lago-bay-santa-catalina\\\/\"},\"wordCount\":1034,\"commentCount\":2,\"publisher\":{\"@id\":\"https:\\\/\\\/www.simons-world.at\\\/rtw\\\/#\\\/schema\\\/person\\\/34f3ecb2e9ff749782fee13191c36495\"},\"image\":{\"@id\":\"https:\\\/\\\/www.simons-world.at\\\/rtw\\\/sonne-strand-und-meer-lago-bay-santa-catalina\\\/#primaryimage\"},\"thumbnailUrl\":\"https:\\\/\\\/www.simons-world.at\\\/rtw\\\/wp-content\\\/uploads\\\/2019\\\/11\\\/DSC02507.jpg\",\"keywords\":[\"Lago Bay\",\"Meer\",\"Panama\",\"Playa Estero\",\"Playa Lagartero\",\"Playa Santa Catalina\",\"Santa Catalina\",\"Strand\"],\"articleSection\":[\"Panama\"],\"inLanguage\":\"de\",\"potentialAction\":[{\"@type\":\"CommentAction\",\"name\":\"Comment\",\"target\":[\"https:\\\/\\\/www.simons-world.at\\\/rtw\\\/sonne-strand-und-meer-lago-bay-santa-catalina\\\/#respond\"]}]},{\"@type\":\"WebPage\",\"@id\":\"https:\\\/\\\/www.simons-world.at\\\/rtw\\\/sonne-strand-und-meer-lago-bay-santa-catalina\\\/\",\"url\":\"https:\\\/\\\/www.simons-world.at\\\/rtw\\\/sonne-strand-und-meer-lago-bay-santa-catalina\\\/\",\"name\":\"Sonne, Strand und Meer in der Lago Bay in Santa Catalina | Simons World\",\"isPartOf\":{\"@id\":\"https:\\\/\\\/www.simons-world.at\\\/rtw\\\/#website\"},\"primaryImageOfPage\":{\"@id\":\"https:\\\/\\\/www.simons-world.at\\\/rtw\\\/sonne-strand-und-meer-lago-bay-santa-catalina\\\/#primaryimage\"},\"image\":{\"@id\":\"https:\\\/\\\/www.simons-world.at\\\/rtw\\\/sonne-strand-und-meer-lago-bay-santa-catalina\\\/#primaryimage\"},\"thumbnailUrl\":\"https:\\\/\\\/www.simons-world.at\\\/rtw\\\/wp-content\\\/uploads\\\/2019\\\/11\\\/DSC02507.jpg\",\"datePublished\":\"2019-11-26T21:12:16+00:00\",\"dateModified\":\"2019-11-27T01:42:20+00:00\",\"description\":\"Sonne, Strand und Meer in der Lago Bay in Santa Catalina\",\"breadcrumb\":{\"@id\":\"https:\\\/\\\/www.simons-world.at\\\/rtw\\\/sonne-strand-und-meer-lago-bay-santa-catalina\\\/#breadcrumb\"},\"inLanguage\":\"de\",\"potentialAction\":[{\"@type\":\"ReadAction\",\"target\":[\"https:\\\/\\\/www.simons-world.at\\\/rtw\\\/sonne-strand-und-meer-lago-bay-santa-catalina\\\/\"]}]},{\"@type\":\"ImageObject\",\"inLanguage\":\"de\",\"@id\":\"https:\\\/\\\/www.simons-world.at\\\/rtw\\\/sonne-strand-und-meer-lago-bay-santa-catalina\\\/#primaryimage\",\"url\":\"https:\\\/\\\/www.simons-world.at\\\/rtw\\\/wp-content\\\/uploads\\\/2019\\\/11\\\/DSC02507.jpg\",\"contentUrl\":\"https:\\\/\\\/www.simons-world.at\\\/rtw\\\/wp-content\\\/uploads\\\/2019\\\/11\\\/DSC02507.jpg\",\"width\":2671,\"height\":1200},{\"@type\":\"BreadcrumbList\",\"@id\":\"https:\\\/\\\/www.simons-world.at\\\/rtw\\\/sonne-strand-und-meer-lago-bay-santa-catalina\\\/#breadcrumb\",\"itemListElement\":[{\"@type\":\"ListItem\",\"position\":1,\"name\":\"Home\",\"item\":\"https:\\\/\\\/www.simons-world.at\\\/rtw\\\/\"},{\"@type\":\"ListItem\",\"position\":2,\"name\":\"Destinationen\",\"item\":\"https:\\\/\\\/www.simons-world.at\\\/rtw\\\/category\\\/destinationen\\\/\"},{\"@type\":\"ListItem\",\"position\":3,\"name\":\"Amerika\",\"item\":\"https:\\\/\\\/www.simons-world.at\\\/rtw\\\/category\\\/destinationen\\\/amerika\\\/\"},{\"@type\":\"ListItem\",\"position\":4,\"name\":\"Panama\",\"item\":\"https:\\\/\\\/www.simons-world.at\\\/rtw\\\/category\\\/destinationen\\\/amerika\\\/panama\\\/\"},{\"@type\":\"ListItem\",\"position\":5,\"name\":\"Sonne, Strand und Meer in der Lago Bay in Santa Catalina\"}]},{\"@type\":\"WebSite\",\"@id\":\"https:\\\/\\\/www.simons-world.at\\\/rtw\\\/#website\",\"url\":\"https:\\\/\\\/www.simons-world.at\\\/rtw\\\/\",\"name\":\"Simons World\",\"description\":\"Not just another Travel Blog\",\"publisher\":{\"@id\":\"https:\\\/\\\/www.simons-world.at\\\/rtw\\\/#\\\/schema\\\/person\\\/34f3ecb2e9ff749782fee13191c36495\"},\"potentialAction\":[{\"@type\":\"SearchAction\",\"target\":{\"@type\":\"EntryPoint\",\"urlTemplate\":\"https:\\\/\\\/www.simons-world.at\\\/rtw\\\/?s={search_term_string}\"},\"query-input\":{\"@type\":\"PropertyValueSpecification\",\"valueRequired\":true,\"valueName\":\"search_term_string\"}}],\"inLanguage\":\"de\"},{\"@type\":[\"Person\",\"Organization\"],\"@id\":\"https:\\\/\\\/www.simons-world.at\\\/rtw\\\/#\\\/schema\\\/person\\\/34f3ecb2e9ff749782fee13191c36495\",\"name\":\"Simon\",\"logo\":{\"@id\":\"https:\\\/\\\/www.simons-world.at\\\/rtw\\\/#\\\/schema\\\/person\\\/image\\\/\"},\"sameAs\":[\"http:\\\/\\\/www.simons-world.at\"]}]}<\/script>\n<!-- \/ Yoast SEO plugin. -->","yoast_head_json":{"title":"Sonne, Strand und Meer in der Lago Bay in Santa Catalina | Simons World","description":"Sonne, Strand und Meer in der Lago Bay in Santa Catalina","robots":{"index":"index","follow":"follow","max-snippet":"max-snippet:-1","max-image-preview":"max-image-preview:large","max-video-preview":"max-video-preview:-1"},"canonical":"https:\/\/www.simons-world.at\/rtw\/sonne-strand-und-meer-lago-bay-santa-catalina\/","twitter_misc":{"Verfasst von":"Simon","Gesch\u00e4tzte Lesezeit":"5\u00a0Minuten"},"schema":{"@context":"https:\/\/schema.org","@graph":[{"@type":"Article","@id":"https:\/\/www.simons-world.at\/rtw\/sonne-strand-und-meer-lago-bay-santa-catalina\/#article","isPartOf":{"@id":"https:\/\/www.simons-world.at\/rtw\/sonne-strand-und-meer-lago-bay-santa-catalina\/"},"author":{"name":"Simon","@id":"https:\/\/www.simons-world.at\/rtw\/#\/schema\/person\/34f3ecb2e9ff749782fee13191c36495"},"headline":"Sonne, Strand und Meer in der Lago Bay in Santa Catalina","datePublished":"2019-11-26T21:12:16+00:00","dateModified":"2019-11-27T01:42:20+00:00","mainEntityOfPage":{"@id":"https:\/\/www.simons-world.at\/rtw\/sonne-strand-und-meer-lago-bay-santa-catalina\/"},"wordCount":1034,"commentCount":2,"publisher":{"@id":"https:\/\/www.simons-world.at\/rtw\/#\/schema\/person\/34f3ecb2e9ff749782fee13191c36495"},"image":{"@id":"https:\/\/www.simons-world.at\/rtw\/sonne-strand-und-meer-lago-bay-santa-catalina\/#primaryimage"},"thumbnailUrl":"https:\/\/www.simons-world.at\/rtw\/wp-content\/uploads\/2019\/11\/DSC02507.jpg","keywords":["Lago Bay","Meer","Panama","Playa Estero","Playa Lagartero","Playa Santa Catalina","Santa Catalina","Strand"],"articleSection":["Panama"],"inLanguage":"de","potentialAction":[{"@type":"CommentAction","name":"Comment","target":["https:\/\/www.simons-world.at\/rtw\/sonne-strand-und-meer-lago-bay-santa-catalina\/#respond"]}]},{"@type":"WebPage","@id":"https:\/\/www.simons-world.at\/rtw\/sonne-strand-und-meer-lago-bay-santa-catalina\/","url":"https:\/\/www.simons-world.at\/rtw\/sonne-strand-und-meer-lago-bay-santa-catalina\/","name":"Sonne, Strand und Meer in der Lago Bay in Santa Catalina | Simons World","isPartOf":{"@id":"https:\/\/www.simons-world.at\/rtw\/#website"},"primaryImageOfPage":{"@id":"https:\/\/www.simons-world.at\/rtw\/sonne-strand-und-meer-lago-bay-santa-catalina\/#primaryimage"},"image":{"@id":"https:\/\/www.simons-world.at\/rtw\/sonne-strand-und-meer-lago-bay-santa-catalina\/#primaryimage"},"thumbnailUrl":"https:\/\/www.simons-world.at\/rtw\/wp-content\/uploads\/2019\/11\/DSC02507.jpg","datePublished":"2019-11-26T21:12:16+00:00","dateModified":"2019-11-27T01:42:20+00:00","description":"Sonne, Strand und Meer in der Lago Bay in Santa Catalina","breadcrumb":{"@id":"https:\/\/www.simons-world.at\/rtw\/sonne-strand-und-meer-lago-bay-santa-catalina\/#breadcrumb"},"inLanguage":"de","potentialAction":[{"@type":"ReadAction","target":["https:\/\/www.simons-world.at\/rtw\/sonne-strand-und-meer-lago-bay-santa-catalina\/"]}]},{"@type":"ImageObject","inLanguage":"de","@id":"https:\/\/www.simons-world.at\/rtw\/sonne-strand-und-meer-lago-bay-santa-catalina\/#primaryimage","url":"https:\/\/www.simons-world.at\/rtw\/wp-content\/uploads\/2019\/11\/DSC02507.jpg","contentUrl":"https:\/\/www.simons-world.at\/rtw\/wp-content\/uploads\/2019\/11\/DSC02507.jpg","width":2671,"height":1200},{"@type":"BreadcrumbList","@id":"https:\/\/www.simons-world.at\/rtw\/sonne-strand-und-meer-lago-bay-santa-catalina\/#breadcrumb","itemListElement":[{"@type":"ListItem","position":1,"name":"Home","item":"https:\/\/www.simons-world.at\/rtw\/"},{"@type":"ListItem","position":2,"name":"Destinationen","item":"https:\/\/www.simons-world.at\/rtw\/category\/destinationen\/"},{"@type":"ListItem","position":3,"name":"Amerika","item":"https:\/\/www.simons-world.at\/rtw\/category\/destinationen\/amerika\/"},{"@type":"ListItem","position":4,"name":"Panama","item":"https:\/\/www.simons-world.at\/rtw\/category\/destinationen\/amerika\/panama\/"},{"@type":"ListItem","position":5,"name":"Sonne, Strand und Meer in der Lago Bay in Santa Catalina"}]},{"@type":"WebSite","@id":"https:\/\/www.simons-world.at\/rtw\/#website","url":"https:\/\/www.simons-world.at\/rtw\/","name":"Simons World","description":"Not just another Travel Blog","publisher":{"@id":"https:\/\/www.simons-world.at\/rtw\/#\/schema\/person\/34f3ecb2e9ff749782fee13191c36495"},"potentialAction":[{"@type":"SearchAction","target":{"@type":"EntryPoint","urlTemplate":"https:\/\/www.simons-world.at\/rtw\/?s={search_term_string}"},"query-input":{"@type":"PropertyValueSpecification","valueRequired":true,"valueName":"search_term_string"}}],"inLanguage":"de"},{"@type":["Person","Organization"],"@id":"https:\/\/www.simons-world.at\/rtw\/#\/schema\/person\/34f3ecb2e9ff749782fee13191c36495","name":"Simon","logo":{"@id":"https:\/\/www.simons-world.at\/rtw\/#\/schema\/person\/image\/"},"sameAs":["http:\/\/www.simons-world.at"]}]}},"jetpack_publicize_connections":[],"jetpack_featured_media_url":"https:\/\/www.simons-world.at\/rtw\/wp-content\/uploads\/2019\/11\/DSC02507.jpg","jetpack_sharing_enabled":true,"_links":{"self":[{"href":"https:\/\/www.simons-world.at\/rtw\/wp-json\/wp\/v2\/posts\/11307","targetHints":{"allow":["GET"]}}],"collection":[{"href":"https:\/\/www.simons-world.at\/rtw\/wp-json\/wp\/v2\/posts"}],"about":[{"href":"https:\/\/www.simons-world.at\/rtw\/wp-json\/wp\/v2\/types\/post"}],"author":[{"embeddable":true,"href":"https:\/\/www.simons-world.at\/rtw\/wp-json\/wp\/v2\/users\/7"}],"replies":[{"embeddable":true,"href":"https:\/\/www.simons-world.at\/rtw\/wp-json\/wp\/v2\/comments?post=11307"}],"version-history":[{"count":3,"href":"https:\/\/www.simons-world.at\/rtw\/wp-json\/wp\/v2\/posts\/11307\/revisions"}],"predecessor-version":[{"id":11325,"href":"https:\/\/www.simons-world.at\/rtw\/wp-json\/wp\/v2\/posts\/11307\/revisions\/11325"}],"wp:featuredmedia":[{"embeddable":true,"href":"https:\/\/www.simons-world.at\/rtw\/wp-json\/wp\/v2\/media\/11309"}],"wp:attachment":[{"href":"https:\/\/www.simons-world.at\/rtw\/wp-json\/wp\/v2\/media?parent=11307"}],"wp:term":[{"taxonomy":"category","embeddable":true,"href":"https:\/\/www.simons-world.at\/rtw\/wp-json\/wp\/v2\/categories?post=11307"},{"taxonomy":"post_tag","embeddable":true,"href":"https:\/\/www.simons-world.at\/rtw\/wp-json\/wp\/v2\/tags?post=11307"}],"curies":[{"name":"wp","href":"https:\/\/api.w.org\/{rel}","templated":true}]}}