{"id":11178,"date":"2019-10-19T20:20:04","date_gmt":"2019-10-19T18:20:04","guid":{"rendered":"https:\/\/www.simons-world.at\/rtw\/?p=11178"},"modified":"2019-10-26T00:26:46","modified_gmt":"2019-10-25T22:26:46","slug":"la-buena-vida-en-santa-fe-die-entstehung-und-geschichte-von-santa-fe","status":"publish","type":"post","link":"https:\/\/www.simons-world.at\/rtw\/la-buena-vida-en-santa-fe-die-entstehung-und-geschichte-von-santa-fe\/","title":{"rendered":"La Buena Vida en Santa Fe: Die Entstehung und Geschichte von Santa Fe"},"content":{"rendered":"\n<p>Nachdem ich zuf\u00e4llig auf ein ausgesprochen detailliertes Dokument \u00fcber Santa Fe gestolpert bin, werde ich euch in n\u00e4chster Zeit immer mal wieder mit wissenswerten Zahlen und Fakten zu unserer Heimat \u00fcberraschen. In diesem Beitrag beginne ich mal direkt mit dem Offensichtlichen, n\u00e4mlich mit einem historischen R\u00fcckblick \u00fcber die Entstehung und Geschichte von Santa Fe.<\/p>\n\n\n\n<h4 class=\"wp-block-heading\"><strong>Historischer R\u00fcckblick<\/strong><\/h4>\n\n\n\n<p>Gegr\u00fcndet wurde die Ortschaft 1557\nvon dem Spanier General Francisco V\u00e1squez, dessen Hauptziel die Ausbeutung der\nGoldvorkommen im Norden von Veraguas war. In der Region gab es zu dieser Zeit\nviele Goldminen und Santa Fe sollte die Hauptstadt der Provinz sein. Ihre\nadministrative Grundlage beruhte darauf sicherzustellen, dass die Kolonisten\nihren Lebensunterhalt ausschlie\u00dflich mit der Aufzucht und dem Verkauf von Vieh\nf\u00fcr die Minen bestritten.<\/p>\n\n\n\n<p>Mit einem stetigen R\u00fcckgang an\nBodenbearbeitung und fallenden Ertr\u00e4gen der Minen, verlegte die Lokalregierung knapp\n30 Jahre sp\u00e4ter ihren Hauptsitz in die Stadt La Concepci\u00f3n. Darauf zogen im 17.\nJahrhundert viele Einwohner nach El Naranjal, dem heutigen Distrikt von San\nFrancisco. Andere wiederum schlossen sich mit den Einwohnern von Montijo zusammen\nund gr\u00fcndeten eine Siedlung, aus der die heutige Stadt Santiago hervorging.<\/p>\n\n\n\n<p>Um ungef\u00e4hr 1805 fiel Santa Fe\nschlie\u00dflich den Mesquito Indianern zum Opfer, die es pl\u00fcnderten und bis auf die\nGrundmauern niederbrannten. Unter diesen Bedingungen entschlossen sich die\nverbliebenen Einwohner, die Ortschaft an die Ufer des Flusses Bulab\u00e1 zu\nverlegen, wo sie sich noch heute befindet. Gegen Ende des 19. Jahrhunderts, als\nPanama noch Teil von Kolumbien war, zogen viele Kolumbianer nach Santa Fe, die\nden Anbau von Kaffee und Zuckerrohr einf\u00fchrten und eine wichtige und bedeutende\nProduktion f\u00fcr die Wirtschaft der Region hervorbrachten. <\/p>\n\n\n\n<p>Im bald darauffolgenden kolumbianischen\nB\u00fcrgerkrieg, dem Krieg der tausend Tage, wurde auch im Gebiet von Santa Fe die\nein oder andere Schlacht ausgetragen. <\/p>\n\n\n\n<h4 class=\"wp-block-heading\"><strong>H\u00e9ctor Gallego und die Cooperativa<\/strong><\/h4>\n\n\n\n<p>Die j\u00fcngere Geschichte von Santa\nFe dagegen, ist gepr\u00e4gt von scharfen Klassenkonflikten. Auch ist es beinahe\nunm\u00f6glich, irgendwas \u00fcber Santa Fe zu erz\u00e4hlen, ohne dabei H\u00e9ctor Gallego zu\nerw\u00e4hnen. Als die katholische Kirche in den fr\u00fchen 60er Jahren begann, ihre\nAktivit\u00e4ten in der Provinz Veraguas zu verst\u00e4rken, war Santa Fe eine der\n\u00e4rmsten Regionen Panamas. Zu dieser Zeit gab es rund 90% Analphabetismus und\nweitverbreiteten Hunger. <\/p>\n\n\n\n<div class=\"wp-block-image\"><figure class=\"alignright\"><a href=\"https:\/\/www.simons-world.at\/rtw\/wp-content\/uploads\/2019\/10\/HECTOR-GALLEGO-850x310-1.jpg\"><img loading=\"lazy\" decoding=\"async\" width=\"300\" height=\"257\" src=\"https:\/\/www.simons-world.at\/rtw\/wp-content\/uploads\/2019\/10\/HECTOR-GALLEGO-850x310-1-300x257.jpg\" alt=\"\" class=\"wp-image-11183\" srcset=\"https:\/\/www.simons-world.at\/rtw\/wp-content\/uploads\/2019\/10\/HECTOR-GALLEGO-850x310-1-300x257.jpg 300w, https:\/\/www.simons-world.at\/rtw\/wp-content\/uploads\/2019\/10\/HECTOR-GALLEGO-850x310-1.jpg 362w\" sizes=\"auto, (max-width: 300px) 100vw, 300px\" \/><\/a><figcaption>H\u00e9ctor Gallego<\/figcaption><\/figure><\/div>\n\n\n\n<p>Die Region war nur \u00fcber eine unbefestigte\nStra\u00dfe mit Santiago verbunden, die w\u00e4hrend der Regenzeit kaum befahren werden\nkonnte. Eine kleine Gruppe von Familien kontrollierte die meisten Ressourcen in\nder Gegend und besa\u00df die einzigen Gesch\u00e4fte der Ortschaft. Diese Gruppe konnte\nbillige Produkte von den Bauern kaufen und ihnen Trockenware zu exorbitanten\nPreisen verkaufen, da die Erzeuger keine M\u00f6glichkeit hatten, externe M\u00e4rkte zu\nerreichen. Diese Elite verlieh ebenfalls Geld, was die Abh\u00e4ngigkeit weiter\nvertiefte. Ihre Mitglieder fungierten au\u00dferdem als Stadtrichter, B\u00fcrgermeister\nund Repr\u00e4sentanten in der nationalen Politik. <\/p>\n\n\n\n<p>Die Situation \u00e4nderte sich\ndramatisch, kurz nachdem ein junger Priester namens Jes\u00fas H\u00e9ctor Gallego\nHerrera 1967 zum ersten Priester von Santa Fe ernannt wurde. Gallego begann,\nbeeinflusst von fr\u00fchen Texten der Befreiungstheologie, mit den Bauern auf den\nFeldern zu arbeiten und sich \u00fcber deren Situation zu informieren. Er\norganisierte sie bald zu &#8222;Gespr\u00e4chskreisen&#8220;, in denen sie die Bibel\nlasen und die Situation der Bauern im Lichte des heiligen Textes analysierten. <\/p>\n\n\n\n<p>Bald entstand eine Bewegung, die\nnach praktischen L\u00f6sungen f\u00fcr die Bed\u00fcrfnisse der Armen suchte. Die Bewegung\ner\u00f6ffnete zuerst eine Konsumgenossenschaft, dann begann sie, Produkte direkt\nauf den Provinzm\u00e4rkten zu verkaufen, wodurch die Handelselite abgeschnitten\nwurde. Im Jahr 1971 begann sich Santa Fe zu ver\u00e4ndern, als die Bauernbewegung\nvon Tag zu Tag st\u00e4rker wurde und sich nach Allianzen auf Provinz- und\nnationaler Ebene umsah. <\/p>\n\n\n\n<figure class=\"wp-block-image\"><a href=\"https:\/\/www.simons-world.at\/rtw\/wp-content\/uploads\/2019\/10\/CAH3CSFCLRDM7OXDOPQXQOCTIY.jpg\"><img loading=\"lazy\" decoding=\"async\" width=\"720\" height=\"405\" src=\"https:\/\/www.simons-world.at\/rtw\/wp-content\/uploads\/2019\/10\/CAH3CSFCLRDM7OXDOPQXQOCTIY-720x405.jpg\" alt=\"\" class=\"wp-image-11181\" srcset=\"https:\/\/www.simons-world.at\/rtw\/wp-content\/uploads\/2019\/10\/CAH3CSFCLRDM7OXDOPQXQOCTIY-720x405.jpg 720w, https:\/\/www.simons-world.at\/rtw\/wp-content\/uploads\/2019\/10\/CAH3CSFCLRDM7OXDOPQXQOCTIY-300x169.jpg 300w, https:\/\/www.simons-world.at\/rtw\/wp-content\/uploads\/2019\/10\/CAH3CSFCLRDM7OXDOPQXQOCTIY-768x432.jpg 768w, https:\/\/www.simons-world.at\/rtw\/wp-content\/uploads\/2019\/10\/CAH3CSFCLRDM7OXDOPQXQOCTIY-520x293.jpg 520w, https:\/\/www.simons-world.at\/rtw\/wp-content\/uploads\/2019\/10\/CAH3CSFCLRDM7OXDOPQXQOCTIY.jpg 1000w\" sizes=\"auto, (max-width: 720px) 100vw, 720px\" \/><\/a><figcaption>Gedenkfeier f\u00fcr H\u00e9ctor Gallego in Santa Fe<\/figcaption><\/figure>\n\n\n\n<p>Panama war seit 1968 unter der Kontrolle\nder Nationalgarde und Gallego war sich der Herausforderung bewusst, die seine\nBewegung f\u00fcr Omar Torrijos, den von den USA installierten Diktator des Landes,\nmit sich brachte. Da Torrijos selbst um Unterst\u00fctzung in l\u00e4ndlichen Gebieten\nwetteiferte, stellte die Bewegung eine Alternative zur F\u00fchrung der Garde dar. <\/p>\n\n\n\n<p>Erst ein Jahrzehnt zuvor hatte\nTorrijos pers\u00f6nlich einen bewaffneten Aufstand am Cerro Tute in Santa Fe niedergeschlagen.\nObwohl Gallego entschieden gegen jede Form von Gewalt war, hatte das Regime wohl\nbef\u00fcrchtet, dass sich seine Bewegung radikalisieren w\u00fcrde. Als ob dies noch nicht\nausreichte, war Alavaro Vernaza Herrera, der m\u00e4chtigste Caudillo von Santa Fe,\nein Cousin des Diktators &#8211; und so konnte die Herausforderung der Bewegung als\neine pers\u00f6nliche Herausforderung f\u00fcr Torrijos angesehen werden.<\/p>\n\n\n\n<p>Nach einer allm\u00e4hlichen Eskalation der Spannungen zwischen den beiden Lagern, wurde Gallegos Blechh\u00fctte in Brand gesteckt. Der Priester weigerte sich jedoch, den Kurs zu \u00e4ndern. Am 9. Juni 1971 wurde er nachts von Agenten der Nationalgarde <a href=\"https:\/\/www.kienyke.com\/historias\/aparecen-restos-de-hector-gallego-panama\">entf\u00fchrt und ermordet<\/a>. In Erwartung seines Verschwindens, ermahnte H\u00e9ctor Gallego seine Anh\u00e4nger: &#8222;Wenn ich verschwinde, sucht mich nicht. K\u00e4mpft weiter.&#8220;<\/p>\n\n\n\n<p>Das Ereignis markierte die erste schwere Krise des Regimes, als die Kirche landesweit massive Proteste organisierte. Durch eine Kombination aus Desinformation, Einsch\u00fcchterung und Verhandlungen gelang es Torrijos jedoch, die Opposition auszuman\u00f6vrieren und seine F\u00fchrung weiter auszubauen. Heute ist die politische \u00d6konomie der Region in der Tat ver\u00e4ndert. Teilweise als Reaktion auf den Druck der Bewegung wurde eine Stra\u00dfe nach Santa Fe asphaltiert, was die Integration der Region in die Volkswirtschaft weiter erleichterte und mehr Ressourcen in die Stadt flossen. <\/p>\n\n\n\n<figure class=\"wp-block-image\"><a href=\"https:\/\/www.simons-world.at\/rtw\/wp-content\/uploads\/2019\/10\/Santa-Fe-recuerdan-Hector-Gallego.jpg\"><img loading=\"lazy\" decoding=\"async\" width=\"720\" height=\"405\" src=\"https:\/\/www.simons-world.at\/rtw\/wp-content\/uploads\/2019\/10\/Santa-Fe-recuerdan-Hector-Gallego-720x405.jpg\" alt=\"\" class=\"wp-image-11180\" srcset=\"https:\/\/www.simons-world.at\/rtw\/wp-content\/uploads\/2019\/10\/Santa-Fe-recuerdan-Hector-Gallego-720x405.jpg 720w, https:\/\/www.simons-world.at\/rtw\/wp-content\/uploads\/2019\/10\/Santa-Fe-recuerdan-Hector-Gallego-300x169.jpg 300w, https:\/\/www.simons-world.at\/rtw\/wp-content\/uploads\/2019\/10\/Santa-Fe-recuerdan-Hector-Gallego-768x432.jpg 768w, https:\/\/www.simons-world.at\/rtw\/wp-content\/uploads\/2019\/10\/Santa-Fe-recuerdan-Hector-Gallego-520x293.jpg 520w, https:\/\/www.simons-world.at\/rtw\/wp-content\/uploads\/2019\/10\/Santa-Fe-recuerdan-Hector-Gallego.jpg 1011w\" sizes=\"auto, (max-width: 720px) 100vw, 720px\" \/><\/a><figcaption>Statue von H\u00e9ctor Gallego<\/figcaption><\/figure>\n\n\n\n<p>Die Cooperativa hat seitdem H\u00f6hen\nund Tiefen erlebt, aber es ist ihr gelungen, ihre Wirtschaftst\u00e4tigkeit zu\ndiversifizieren. Sie verf\u00fcgt heute \u00fcber eine Kaffeer\u00f6sterei und verschiedene\nlandwirtschaftliche Aktivit\u00e4ten. Die &#8222;Fundaci\u00f3n H\u00e9ctor Gallego&#8220; vertritt\ndie Interessen der Bauern und versucht, ihre technischen F\u00e4higkeiten zu\nverbessern. Ebenso wichtig ist, dass die Region in j\u00fcngster Zeit einen\nbescheidenen Touristenstrom und einen Anstieg der Immobilienverk\u00e4ufe verzeichnen\nkonnte. <\/p>\n\n\n\n<p>All dies hat zum Aufstieg einer\nkleinen Mittelschicht beigetragen, die lokale Machtstruktur weiter diversifiziert\nund m\u00f6glicherweise zum Wohl der Bev\u00f6lkerung beigetragen. Da ist es kein Wunder,\ndass die Menschen bis heute H\u00e9ctor Gallego verehren und jedes Jahr zu seinem\nTodestag eine Gedenkfeier veranstalten. Am Ortseingang vor einem der Cooperativa\nGeb\u00e4ude, gibt es au\u00dferdem eine Statue von H\u00e9ctor zu bewundern.<\/p>\n\n\n\n<p>So, und nach diesem kleinen\nAusflug in die Vergangenheit, werde ich euch im n\u00e4chsten Beitrag so einiges\n\u00fcber die Bev\u00f6lkerung Santa Fes erz\u00e4hlen. Bis dann! <\/p>\n","protected":false},"excerpt":{"rendered":"<p>Nachdem ich zuf\u00e4llig auf ein ausgesprochen detailliertes Dokument \u00fcber Santa Fe gestolpert bin, werde ich euch in n\u00e4chster Zeit immer mal wieder mit wissenswerten Zahlen und Fakten zu unserer Heimat \u00fcberraschen. In diesem Beitrag beginne ich mal direkt mit dem Offensichtlichen, n\u00e4mlich mit&#46;&#46;&#46;<\/p>\n","protected":false},"author":7,"featured_media":11179,"comment_status":"open","ping_status":"open","sticky":false,"template":"","format":"image","meta":{"ngg_post_thumbnail":0,"jetpack_post_was_ever_published":false,"_jetpack_newsletter_access":"","_jetpack_dont_email_post_to_subs":false,"_jetpack_newsletter_tier_id":0,"_jetpack_memberships_contains_paywalled_content":false,"_jetpack_memberships_contains_paid_content":false,"footnotes":"","jetpack_publicize_message":"","jetpack_publicize_feature_enabled":true,"jetpack_social_post_already_shared":true,"jetpack_social_options":{"image_generator_settings":{"template":"highway","default_image_id":0,"font":"","enabled":false},"version":2}},"categories":[1534],"tags":[1619,1616,1617,1618,1408,1427],"class_list":["post-11178","post","type-post","status-publish","format-image","has-post-thumbnail","hentry","category-buena-vida-en-santa-fe","tag-cooperativa","tag-geschichte","tag-gruendung","tag-hector-gallego","tag-panama","tag-santa-fe","post_format-post-format-image"],"geo":null,"yoast_head":"<!-- This site is optimized with the Yoast SEO plugin v27.5 - https:\/\/yoast.com\/product\/yoast-seo-wordpress\/ -->\n<title>La Buena Vida en Santa Fe: Die Entstehung und Geschichte von Santa Fe | Simons World<\/title>\n<meta name=\"description\" content=\"La Buena Vida en Santa Fe: Die Entstehung und Geschichte von Santa Fe\" \/>\n<meta name=\"robots\" content=\"index, follow, max-snippet:-1, max-image-preview:large, max-video-preview:-1\" \/>\n<link rel=\"canonical\" href=\"https:\/\/www.simons-world.at\/rtw\/la-buena-vida-en-santa-fe-die-entstehung-und-geschichte-von-santa-fe\/\" \/>\n<meta name=\"twitter:label1\" content=\"Verfasst von\" \/>\n\t<meta name=\"twitter:data1\" content=\"Simon\" \/>\n\t<meta name=\"twitter:label2\" content=\"Gesch\u00e4tzte Lesezeit\" \/>\n\t<meta name=\"twitter:data2\" content=\"5\u00a0Minuten\" \/>\n<script type=\"application\/ld+json\" class=\"yoast-schema-graph\">{\"@context\":\"https:\\\/\\\/schema.org\",\"@graph\":[{\"@type\":\"Article\",\"@id\":\"https:\\\/\\\/www.simons-world.at\\\/rtw\\\/la-buena-vida-en-santa-fe-die-entstehung-und-geschichte-von-santa-fe\\\/#article\",\"isPartOf\":{\"@id\":\"https:\\\/\\\/www.simons-world.at\\\/rtw\\\/la-buena-vida-en-santa-fe-die-entstehung-und-geschichte-von-santa-fe\\\/\"},\"author\":{\"name\":\"Simon\",\"@id\":\"https:\\\/\\\/www.simons-world.at\\\/rtw\\\/#\\\/schema\\\/person\\\/34f3ecb2e9ff749782fee13191c36495\"},\"headline\":\"La Buena Vida en Santa Fe: Die Entstehung und Geschichte von Santa Fe\",\"datePublished\":\"2019-10-19T18:20:04+00:00\",\"dateModified\":\"2019-10-25T22:26:46+00:00\",\"mainEntityOfPage\":{\"@id\":\"https:\\\/\\\/www.simons-world.at\\\/rtw\\\/la-buena-vida-en-santa-fe-die-entstehung-und-geschichte-von-santa-fe\\\/\"},\"wordCount\":1095,\"commentCount\":8,\"publisher\":{\"@id\":\"https:\\\/\\\/www.simons-world.at\\\/rtw\\\/#\\\/schema\\\/person\\\/34f3ecb2e9ff749782fee13191c36495\"},\"image\":{\"@id\":\"https:\\\/\\\/www.simons-world.at\\\/rtw\\\/la-buena-vida-en-santa-fe-die-entstehung-und-geschichte-von-santa-fe\\\/#primaryimage\"},\"thumbnailUrl\":\"https:\\\/\\\/www.simons-world.at\\\/rtw\\\/wp-content\\\/uploads\\\/2019\\\/10\\\/F4VK2MQNZRH3LNRI7K3TFSZWA4.jpg\",\"keywords\":[\"Cooperativa\",\"Geschichte\",\"Gr\u00fcndung\",\"H\u00e9ctor Gallego\",\"Panama\",\"Santa Fe\"],\"articleSection\":[\"Buena Vida en Santa Fe\"],\"inLanguage\":\"de\",\"potentialAction\":[{\"@type\":\"CommentAction\",\"name\":\"Comment\",\"target\":[\"https:\\\/\\\/www.simons-world.at\\\/rtw\\\/la-buena-vida-en-santa-fe-die-entstehung-und-geschichte-von-santa-fe\\\/#respond\"]}]},{\"@type\":\"WebPage\",\"@id\":\"https:\\\/\\\/www.simons-world.at\\\/rtw\\\/la-buena-vida-en-santa-fe-die-entstehung-und-geschichte-von-santa-fe\\\/\",\"url\":\"https:\\\/\\\/www.simons-world.at\\\/rtw\\\/la-buena-vida-en-santa-fe-die-entstehung-und-geschichte-von-santa-fe\\\/\",\"name\":\"La Buena Vida en Santa Fe: Die Entstehung und Geschichte von Santa Fe | Simons World\",\"isPartOf\":{\"@id\":\"https:\\\/\\\/www.simons-world.at\\\/rtw\\\/#website\"},\"primaryImageOfPage\":{\"@id\":\"https:\\\/\\\/www.simons-world.at\\\/rtw\\\/la-buena-vida-en-santa-fe-die-entstehung-und-geschichte-von-santa-fe\\\/#primaryimage\"},\"image\":{\"@id\":\"https:\\\/\\\/www.simons-world.at\\\/rtw\\\/la-buena-vida-en-santa-fe-die-entstehung-und-geschichte-von-santa-fe\\\/#primaryimage\"},\"thumbnailUrl\":\"https:\\\/\\\/www.simons-world.at\\\/rtw\\\/wp-content\\\/uploads\\\/2019\\\/10\\\/F4VK2MQNZRH3LNRI7K3TFSZWA4.jpg\",\"datePublished\":\"2019-10-19T18:20:04+00:00\",\"dateModified\":\"2019-10-25T22:26:46+00:00\",\"description\":\"La Buena Vida en Santa Fe: Die Entstehung und Geschichte von Santa Fe\",\"breadcrumb\":{\"@id\":\"https:\\\/\\\/www.simons-world.at\\\/rtw\\\/la-buena-vida-en-santa-fe-die-entstehung-und-geschichte-von-santa-fe\\\/#breadcrumb\"},\"inLanguage\":\"de\",\"potentialAction\":[{\"@type\":\"ReadAction\",\"target\":[\"https:\\\/\\\/www.simons-world.at\\\/rtw\\\/la-buena-vida-en-santa-fe-die-entstehung-und-geschichte-von-santa-fe\\\/\"]}]},{\"@type\":\"ImageObject\",\"inLanguage\":\"de\",\"@id\":\"https:\\\/\\\/www.simons-world.at\\\/rtw\\\/la-buena-vida-en-santa-fe-die-entstehung-und-geschichte-von-santa-fe\\\/#primaryimage\",\"url\":\"https:\\\/\\\/www.simons-world.at\\\/rtw\\\/wp-content\\\/uploads\\\/2019\\\/10\\\/F4VK2MQNZRH3LNRI7K3TFSZWA4.jpg\",\"contentUrl\":\"https:\\\/\\\/www.simons-world.at\\\/rtw\\\/wp-content\\\/uploads\\\/2019\\\/10\\\/F4VK2MQNZRH3LNRI7K3TFSZWA4.jpg\",\"width\":1000,\"height\":445},{\"@type\":\"BreadcrumbList\",\"@id\":\"https:\\\/\\\/www.simons-world.at\\\/rtw\\\/la-buena-vida-en-santa-fe-die-entstehung-und-geschichte-von-santa-fe\\\/#breadcrumb\",\"itemListElement\":[{\"@type\":\"ListItem\",\"position\":1,\"name\":\"Home\",\"item\":\"https:\\\/\\\/www.simons-world.at\\\/rtw\\\/\"},{\"@type\":\"ListItem\",\"position\":2,\"name\":\"Leben in Panama\",\"item\":\"https:\\\/\\\/www.simons-world.at\\\/rtw\\\/category\\\/leben-in-panama\\\/\"},{\"@type\":\"ListItem\",\"position\":3,\"name\":\"Buena Vida en Santa Fe\",\"item\":\"https:\\\/\\\/www.simons-world.at\\\/rtw\\\/category\\\/leben-in-panama\\\/buena-vida-en-santa-fe\\\/\"},{\"@type\":\"ListItem\",\"position\":4,\"name\":\"La Buena Vida en Santa Fe: Die Entstehung und Geschichte von Santa Fe\"}]},{\"@type\":\"WebSite\",\"@id\":\"https:\\\/\\\/www.simons-world.at\\\/rtw\\\/#website\",\"url\":\"https:\\\/\\\/www.simons-world.at\\\/rtw\\\/\",\"name\":\"Simons World\",\"description\":\"Not just another Travel Blog\",\"publisher\":{\"@id\":\"https:\\\/\\\/www.simons-world.at\\\/rtw\\\/#\\\/schema\\\/person\\\/34f3ecb2e9ff749782fee13191c36495\"},\"potentialAction\":[{\"@type\":\"SearchAction\",\"target\":{\"@type\":\"EntryPoint\",\"urlTemplate\":\"https:\\\/\\\/www.simons-world.at\\\/rtw\\\/?s={search_term_string}\"},\"query-input\":{\"@type\":\"PropertyValueSpecification\",\"valueRequired\":true,\"valueName\":\"search_term_string\"}}],\"inLanguage\":\"de\"},{\"@type\":[\"Person\",\"Organization\"],\"@id\":\"https:\\\/\\\/www.simons-world.at\\\/rtw\\\/#\\\/schema\\\/person\\\/34f3ecb2e9ff749782fee13191c36495\",\"name\":\"Simon\",\"logo\":{\"@id\":\"https:\\\/\\\/www.simons-world.at\\\/rtw\\\/#\\\/schema\\\/person\\\/image\\\/\"},\"sameAs\":[\"http:\\\/\\\/www.simons-world.at\"]}]}<\/script>\n<!-- \/ Yoast SEO plugin. -->","yoast_head_json":{"title":"La Buena Vida en Santa Fe: Die Entstehung und Geschichte von Santa Fe | Simons World","description":"La Buena Vida en Santa Fe: Die Entstehung und Geschichte von Santa Fe","robots":{"index":"index","follow":"follow","max-snippet":"max-snippet:-1","max-image-preview":"max-image-preview:large","max-video-preview":"max-video-preview:-1"},"canonical":"https:\/\/www.simons-world.at\/rtw\/la-buena-vida-en-santa-fe-die-entstehung-und-geschichte-von-santa-fe\/","twitter_misc":{"Verfasst von":"Simon","Gesch\u00e4tzte Lesezeit":"5\u00a0Minuten"},"schema":{"@context":"https:\/\/schema.org","@graph":[{"@type":"Article","@id":"https:\/\/www.simons-world.at\/rtw\/la-buena-vida-en-santa-fe-die-entstehung-und-geschichte-von-santa-fe\/#article","isPartOf":{"@id":"https:\/\/www.simons-world.at\/rtw\/la-buena-vida-en-santa-fe-die-entstehung-und-geschichte-von-santa-fe\/"},"author":{"name":"Simon","@id":"https:\/\/www.simons-world.at\/rtw\/#\/schema\/person\/34f3ecb2e9ff749782fee13191c36495"},"headline":"La Buena Vida en Santa Fe: Die Entstehung und Geschichte von Santa Fe","datePublished":"2019-10-19T18:20:04+00:00","dateModified":"2019-10-25T22:26:46+00:00","mainEntityOfPage":{"@id":"https:\/\/www.simons-world.at\/rtw\/la-buena-vida-en-santa-fe-die-entstehung-und-geschichte-von-santa-fe\/"},"wordCount":1095,"commentCount":8,"publisher":{"@id":"https:\/\/www.simons-world.at\/rtw\/#\/schema\/person\/34f3ecb2e9ff749782fee13191c36495"},"image":{"@id":"https:\/\/www.simons-world.at\/rtw\/la-buena-vida-en-santa-fe-die-entstehung-und-geschichte-von-santa-fe\/#primaryimage"},"thumbnailUrl":"https:\/\/www.simons-world.at\/rtw\/wp-content\/uploads\/2019\/10\/F4VK2MQNZRH3LNRI7K3TFSZWA4.jpg","keywords":["Cooperativa","Geschichte","Gr\u00fcndung","H\u00e9ctor Gallego","Panama","Santa Fe"],"articleSection":["Buena Vida en Santa Fe"],"inLanguage":"de","potentialAction":[{"@type":"CommentAction","name":"Comment","target":["https:\/\/www.simons-world.at\/rtw\/la-buena-vida-en-santa-fe-die-entstehung-und-geschichte-von-santa-fe\/#respond"]}]},{"@type":"WebPage","@id":"https:\/\/www.simons-world.at\/rtw\/la-buena-vida-en-santa-fe-die-entstehung-und-geschichte-von-santa-fe\/","url":"https:\/\/www.simons-world.at\/rtw\/la-buena-vida-en-santa-fe-die-entstehung-und-geschichte-von-santa-fe\/","name":"La Buena Vida en Santa Fe: Die Entstehung und Geschichte von Santa Fe | Simons World","isPartOf":{"@id":"https:\/\/www.simons-world.at\/rtw\/#website"},"primaryImageOfPage":{"@id":"https:\/\/www.simons-world.at\/rtw\/la-buena-vida-en-santa-fe-die-entstehung-und-geschichte-von-santa-fe\/#primaryimage"},"image":{"@id":"https:\/\/www.simons-world.at\/rtw\/la-buena-vida-en-santa-fe-die-entstehung-und-geschichte-von-santa-fe\/#primaryimage"},"thumbnailUrl":"https:\/\/www.simons-world.at\/rtw\/wp-content\/uploads\/2019\/10\/F4VK2MQNZRH3LNRI7K3TFSZWA4.jpg","datePublished":"2019-10-19T18:20:04+00:00","dateModified":"2019-10-25T22:26:46+00:00","description":"La Buena Vida en Santa Fe: Die Entstehung und Geschichte von Santa Fe","breadcrumb":{"@id":"https:\/\/www.simons-world.at\/rtw\/la-buena-vida-en-santa-fe-die-entstehung-und-geschichte-von-santa-fe\/#breadcrumb"},"inLanguage":"de","potentialAction":[{"@type":"ReadAction","target":["https:\/\/www.simons-world.at\/rtw\/la-buena-vida-en-santa-fe-die-entstehung-und-geschichte-von-santa-fe\/"]}]},{"@type":"ImageObject","inLanguage":"de","@id":"https:\/\/www.simons-world.at\/rtw\/la-buena-vida-en-santa-fe-die-entstehung-und-geschichte-von-santa-fe\/#primaryimage","url":"https:\/\/www.simons-world.at\/rtw\/wp-content\/uploads\/2019\/10\/F4VK2MQNZRH3LNRI7K3TFSZWA4.jpg","contentUrl":"https:\/\/www.simons-world.at\/rtw\/wp-content\/uploads\/2019\/10\/F4VK2MQNZRH3LNRI7K3TFSZWA4.jpg","width":1000,"height":445},{"@type":"BreadcrumbList","@id":"https:\/\/www.simons-world.at\/rtw\/la-buena-vida-en-santa-fe-die-entstehung-und-geschichte-von-santa-fe\/#breadcrumb","itemListElement":[{"@type":"ListItem","position":1,"name":"Home","item":"https:\/\/www.simons-world.at\/rtw\/"},{"@type":"ListItem","position":2,"name":"Leben in Panama","item":"https:\/\/www.simons-world.at\/rtw\/category\/leben-in-panama\/"},{"@type":"ListItem","position":3,"name":"Buena Vida en Santa Fe","item":"https:\/\/www.simons-world.at\/rtw\/category\/leben-in-panama\/buena-vida-en-santa-fe\/"},{"@type":"ListItem","position":4,"name":"La Buena Vida en Santa Fe: Die Entstehung und Geschichte von Santa Fe"}]},{"@type":"WebSite","@id":"https:\/\/www.simons-world.at\/rtw\/#website","url":"https:\/\/www.simons-world.at\/rtw\/","name":"Simons World","description":"Not just another Travel Blog","publisher":{"@id":"https:\/\/www.simons-world.at\/rtw\/#\/schema\/person\/34f3ecb2e9ff749782fee13191c36495"},"potentialAction":[{"@type":"SearchAction","target":{"@type":"EntryPoint","urlTemplate":"https:\/\/www.simons-world.at\/rtw\/?s={search_term_string}"},"query-input":{"@type":"PropertyValueSpecification","valueRequired":true,"valueName":"search_term_string"}}],"inLanguage":"de"},{"@type":["Person","Organization"],"@id":"https:\/\/www.simons-world.at\/rtw\/#\/schema\/person\/34f3ecb2e9ff749782fee13191c36495","name":"Simon","logo":{"@id":"https:\/\/www.simons-world.at\/rtw\/#\/schema\/person\/image\/"},"sameAs":["http:\/\/www.simons-world.at"]}]}},"jetpack_publicize_connections":[],"jetpack_featured_media_url":"https:\/\/www.simons-world.at\/rtw\/wp-content\/uploads\/2019\/10\/F4VK2MQNZRH3LNRI7K3TFSZWA4.jpg","jetpack_sharing_enabled":true,"_links":{"self":[{"href":"https:\/\/www.simons-world.at\/rtw\/wp-json\/wp\/v2\/posts\/11178","targetHints":{"allow":["GET"]}}],"collection":[{"href":"https:\/\/www.simons-world.at\/rtw\/wp-json\/wp\/v2\/posts"}],"about":[{"href":"https:\/\/www.simons-world.at\/rtw\/wp-json\/wp\/v2\/types\/post"}],"author":[{"embeddable":true,"href":"https:\/\/www.simons-world.at\/rtw\/wp-json\/wp\/v2\/users\/7"}],"replies":[{"embeddable":true,"href":"https:\/\/www.simons-world.at\/rtw\/wp-json\/wp\/v2\/comments?post=11178"}],"version-history":[{"count":4,"href":"https:\/\/www.simons-world.at\/rtw\/wp-json\/wp\/v2\/posts\/11178\/revisions"}],"predecessor-version":[{"id":11189,"href":"https:\/\/www.simons-world.at\/rtw\/wp-json\/wp\/v2\/posts\/11178\/revisions\/11189"}],"wp:featuredmedia":[{"embeddable":true,"href":"https:\/\/www.simons-world.at\/rtw\/wp-json\/wp\/v2\/media\/11179"}],"wp:attachment":[{"href":"https:\/\/www.simons-world.at\/rtw\/wp-json\/wp\/v2\/media?parent=11178"}],"wp:term":[{"taxonomy":"category","embeddable":true,"href":"https:\/\/www.simons-world.at\/rtw\/wp-json\/wp\/v2\/categories?post=11178"},{"taxonomy":"post_tag","embeddable":true,"href":"https:\/\/www.simons-world.at\/rtw\/wp-json\/wp\/v2\/tags?post=11178"}],"curies":[{"name":"wp","href":"https:\/\/api.w.org\/{rel}","templated":true}]}}