{"id":11082,"date":"2019-09-02T04:41:39","date_gmt":"2019-09-02T02:41:39","guid":{"rendered":"https:\/\/www.simons-world.at\/rtw\/?p=11082"},"modified":"2019-09-02T04:41:41","modified_gmt":"2019-09-02T02:41:41","slug":"neues-aus-der-schreinerei-moebel-fuer-die-plycem-cabana","status":"publish","type":"post","link":"https:\/\/www.simons-world.at\/rtw\/neues-aus-der-schreinerei-moebel-fuer-die-plycem-cabana\/","title":{"rendered":"Neues aus der Schreinerei: M\u00f6bel f\u00fcr die Plycem-Caba\u00f1a"},"content":{"rendered":"\n<p>W\u00e4hrend ich die letzten beiden Monate\nhaupts\u00e4chlich mit dem Bau der Caba\u00f1a besch\u00e4ftigt war, gibt und gab es immer mal\nwieder Zwangspausen bei der Arbeit an dem kleinen H\u00fcttchen. Wie zum Beispiel gerade\njetzt, da der frische Verputz zumindest einige Wochen trocknen sollte, bevor\ndie Farbe draufkommt. Gelegenheit f\u00fcr eine Pause? Fehlanzeige!<\/p>\n\n\n\n<p>In der Zwischenzeit haben wir uns schon\nreichlich Gedanken zur Einrichtung des knapp 12m\u00b2 gro\u00dfen Zimmers gemacht. Das\nwichtigste M\u00f6belst\u00fcck wird nat\u00fcrlich das Bett sein, da die meisten Leute ja in\nein Hostel kommen, um dort zu \u00fcbernachten. Klare Sache, dass wir da ein\nh\u00fcbsches Bett aus Vollholz haben wollten, anstatt gepresste S\u00e4gesp\u00e4ne mit\naufgeklebtem Plastik aus dem M\u00f6belgesch\u00e4ft.<\/p>\n\n\n\n<p>Zuerst wollte ich noch mit dem\nTischler sprechen, der damals die <a href=\"https:\/\/www.simons-world.at\/rtw\/la-buena-vida-en-santa-fe-von-moebeln-und-kueken\/\">M\u00f6bel\nf\u00fcr mein kleines Schlafzimmer<\/a> geschreinert hat. Doch dann kam mir der\nGedanke, dass so ein Bett ja eigentlich aus kaum mehr als ein paar Brettern\nbesteht, und ich das eventuell auch selber hinkriegen k\u00f6nnte. Gesagt, getan.\nMit Material aus unserem gut ausgestatteten Lager, begann ich erstmal damit, die\nvier \u00e4u\u00dferen Bretter zurechtzuschneiden. Dabei orientierte ich mich an den\nMa\u00dfen meines Santa Fe Bettes.<\/p>\n\n\n\n<p>Als Pfosten f\u00fcr die Ecken\nverwendete ich 90mm Kanth\u00f6lzer, die ich mit unseren Werkzeugen allerdings mehr\nschlecht als recht bearbeiten konnte. Weder mit der Handkreiss\u00e4ge noch mit\nunserer Tischs\u00e4ge, konnte ich das Material in einem Arbeitsgang durchs\u00e4gen. Die\nKanth\u00f6lzer waren einfach zu dick und ich musste sie mehrmals drehen und von\nverschiedenen Seiten s\u00e4gen. Dass man so nur schwer einen wirklich geraden Schnitt\nhinbekommt, versteht sich von selber.<\/p>\n\n\n\n<p>Mit meinem selbstgebauten\nSchiebeschlitten f\u00fcr die Tischkreiss\u00e4ge, gelang es mir dann doch, die Pfosten\nf\u00fcr das Bett einigerma\u00dfen sauber zu schneiden. Die H\u00f6lzer an sich waren nat\u00fcrlich\nwieder krumm und verzogen, was ich mit unserem Hobel ein wenig ausgleichen konnte.\nSo, da waren sie nun, die vier Bretter und vier Pfosten f\u00fcr die Grundstruktur des\nBettes.<\/p>\n\n\n\n<figure class=\"wp-block-image\"><a href=\"https:\/\/www.simons-world.at\/rtw\/wp-content\/uploads\/2019\/09\/IMG_20190817_162158372.jpg\"><img loading=\"lazy\" decoding=\"async\" width=\"720\" height=\"406\" src=\"https:\/\/www.simons-world.at\/rtw\/wp-content\/uploads\/2019\/09\/IMG_20190817_162158372-720x406.jpg\" alt=\"\" class=\"wp-image-11083\" srcset=\"https:\/\/www.simons-world.at\/rtw\/wp-content\/uploads\/2019\/09\/IMG_20190817_162158372-720x406.jpg 720w, https:\/\/www.simons-world.at\/rtw\/wp-content\/uploads\/2019\/09\/IMG_20190817_162158372-300x169.jpg 300w, https:\/\/www.simons-world.at\/rtw\/wp-content\/uploads\/2019\/09\/IMG_20190817_162158372-768x433.jpg 768w, https:\/\/www.simons-world.at\/rtw\/wp-content\/uploads\/2019\/09\/IMG_20190817_162158372-520x293.jpg 520w\" sizes=\"auto, (max-width: 720px) 100vw, 720px\" \/><\/a><figcaption>Das sogenannte Flitterwochenscharnier<\/figcaption><\/figure>\n\n\n\n<p>Um die Einzelteile nun stabil\nmiteinander zu verankern, brauchte ich spezielle Bettscharniere, die auf\nSpanisch etwa so viel wie \u201eFlitterwochenscharniere\u201c hei\u00dfen. Die Situation im\nBaumarkt war jedenfalls ziemlich witzig. Im nu hatte ich dann alles verschraubt\nund das Bett stand schon mal provisorisch in der Werkstatt. Es sah so gar nicht\nmal schlecht aus, doch mangels Handwerkskunst war an dem Ding rein Garnichts\nsch\u00f6n anzuschauen. Es fehlte noch an ein wenig Dekoration.<\/p>\n\n\n\n<p>Da ich den Rahmen etwas ansehnlicher\ngestalten wollte, bastelte ich einige schr\u00e4g anges\u00e4gte Brettchen, die ich\njeweils in die unteren Ecken schraubte. Wenig Arbeit, gro\u00dfer Effekt. Das Bett\nwirkt schon viel kunstvoller und deutlich wertiger. F\u00fcr das Kopfteil sollten\nurspr\u00fcnglich mehrere kleine und ein gro\u00dfes Brett mit Dekorationselementen\nverbaut werden. <\/p>\n\n\n\n<ul class=\"wp-block-gallery columns-3 is-cropped wp-block-gallery-1 is-layout-flex wp-block-gallery-is-layout-flex\"><li class=\"blocks-gallery-item\"><figure><a href=\"https:\/\/www.simons-world.at\/rtw\/wp-content\/uploads\/2019\/09\/IMG_20190821_095821951_HDR-720x405.jpg\"><img loading=\"lazy\" decoding=\"async\" width=\"720\" height=\"405\" src=\"https:\/\/www.simons-world.at\/rtw\/wp-content\/uploads\/2019\/09\/IMG_20190821_095821951_HDR-720x405.jpg\" alt=\"\" data-id=\"11084\" data-link=\"https:\/\/www.simons-world.at\/rtw\/?attachment_id=11084\" class=\"wp-image-11084\" srcset=\"https:\/\/www.simons-world.at\/rtw\/wp-content\/uploads\/2019\/09\/IMG_20190821_095821951_HDR-720x405.jpg 720w, https:\/\/www.simons-world.at\/rtw\/wp-content\/uploads\/2019\/09\/IMG_20190821_095821951_HDR-300x169.jpg 300w, https:\/\/www.simons-world.at\/rtw\/wp-content\/uploads\/2019\/09\/IMG_20190821_095821951_HDR-768x432.jpg 768w, https:\/\/www.simons-world.at\/rtw\/wp-content\/uploads\/2019\/09\/IMG_20190821_095821951_HDR-520x293.jpg 520w\" sizes=\"auto, (max-width: 720px) 100vw, 720px\" \/><\/a><figcaption>Das Grundger\u00fcst<\/figcaption><\/figure><\/li><li class=\"blocks-gallery-item\"><figure><a href=\"https:\/\/www.simons-world.at\/rtw\/wp-content\/uploads\/2019\/09\/IMG_20190821_164219197-720x406.jpg\"><img loading=\"lazy\" decoding=\"async\" width=\"720\" height=\"406\" src=\"https:\/\/www.simons-world.at\/rtw\/wp-content\/uploads\/2019\/09\/IMG_20190821_164219197-720x406.jpg\" alt=\"\" data-id=\"11085\" data-link=\"https:\/\/www.simons-world.at\/rtw\/?attachment_id=11085\" class=\"wp-image-11085\" srcset=\"https:\/\/www.simons-world.at\/rtw\/wp-content\/uploads\/2019\/09\/IMG_20190821_164219197-720x406.jpg 720w, https:\/\/www.simons-world.at\/rtw\/wp-content\/uploads\/2019\/09\/IMG_20190821_164219197-300x169.jpg 300w, https:\/\/www.simons-world.at\/rtw\/wp-content\/uploads\/2019\/09\/IMG_20190821_164219197-768x433.jpg 768w, https:\/\/www.simons-world.at\/rtw\/wp-content\/uploads\/2019\/09\/IMG_20190821_164219197-520x294.jpg 520w\" sizes=\"auto, (max-width: 720px) 100vw, 720px\" \/><\/a><figcaption>Deko Elemente<\/figcaption><\/figure><\/li><li class=\"blocks-gallery-item\"><figure><a href=\"https:\/\/www.simons-world.at\/rtw\/wp-content\/uploads\/2019\/09\/IMG_20190823_162314619-720x405.jpg\"><img loading=\"lazy\" decoding=\"async\" width=\"720\" height=\"405\" src=\"https:\/\/www.simons-world.at\/rtw\/wp-content\/uploads\/2019\/09\/IMG_20190823_162314619-720x405.jpg\" alt=\"\" data-id=\"11086\" data-link=\"https:\/\/www.simons-world.at\/rtw\/?attachment_id=11086\" class=\"wp-image-11086\" srcset=\"https:\/\/www.simons-world.at\/rtw\/wp-content\/uploads\/2019\/09\/IMG_20190823_162314619-720x405.jpg 720w, https:\/\/www.simons-world.at\/rtw\/wp-content\/uploads\/2019\/09\/IMG_20190823_162314619-300x169.jpg 300w, https:\/\/www.simons-world.at\/rtw\/wp-content\/uploads\/2019\/09\/IMG_20190823_162314619-768x432.jpg 768w, https:\/\/www.simons-world.at\/rtw\/wp-content\/uploads\/2019\/09\/IMG_20190823_162314619-520x293.jpg 520w\" sizes=\"auto, (max-width: 720px) 100vw, 720px\" \/><\/a><figcaption>Strom f\u00fcr die Lampen<\/figcaption><\/figure><\/li><\/ul>\n\n\n\n<p>Doch dann fiel mir auf, dass an\ndieser Stelle im Raum ja eigentlich das Fenster war, welches nat\u00fcrlich\nfreibleiben sollte. Also s\u00e4gte ich das dicke Brett kurzerhand in zwei kleine\nSt\u00fccke, und montierte diese links und rechts oben an der R\u00fcckseite des Bettes. Um\ndie Nachttischchen f\u00fcr andere Sachen freizuhalten, besorgte ich im Baumarkt\nzwei kleine Wandlampen mit eingebautem Ein-\/Ausschalter und montierte sie\ndirekt am Bett. <\/p>\n\n\n\n<figure class=\"wp-block-image\"><a href=\"https:\/\/www.simons-world.at\/rtw\/wp-content\/uploads\/2019\/09\/IMG_20190824_115314707_HDR.jpg\"><img loading=\"lazy\" decoding=\"async\" width=\"720\" height=\"406\" src=\"https:\/\/www.simons-world.at\/rtw\/wp-content\/uploads\/2019\/09\/IMG_20190824_115314707_HDR-720x406.jpg\" alt=\"\" class=\"wp-image-11087\" srcset=\"https:\/\/www.simons-world.at\/rtw\/wp-content\/uploads\/2019\/09\/IMG_20190824_115314707_HDR-720x406.jpg 720w, https:\/\/www.simons-world.at\/rtw\/wp-content\/uploads\/2019\/09\/IMG_20190824_115314707_HDR-300x169.jpg 300w, https:\/\/www.simons-world.at\/rtw\/wp-content\/uploads\/2019\/09\/IMG_20190824_115314707_HDR-768x433.jpg 768w, https:\/\/www.simons-world.at\/rtw\/wp-content\/uploads\/2019\/09\/IMG_20190824_115314707_HDR-520x293.jpg 520w\" sizes=\"auto, (max-width: 720px) 100vw, 720px\" \/><\/a><figcaption>Das fertige Bett!<\/figcaption><\/figure>\n\n\n\n<p>Jetzt sieht es klasse aus und ist\nglaube ich auch recht praktisch. Was fehlte waren noch die eben erw\u00e4hnten\nNachttische, die ich nat\u00fcrlich ebenfalls selber bauen wollte. Aus ein paar\nBrettern die noch am Lager waren, schraubte ich zwei kleine rustikale Tischchen\nzusammen. Die Schublade in der Front besteht allerdings nur aus einer leeren\nBlende, die sich nicht wirklich \u00f6ffnen l\u00e4sst. Zu faul war ich und zu negativ\nwaren die Erinnerungen an die letzten Schubladen, die ich erst k\u00fcrzlich <a href=\"https:\/\/www.simons-world.at\/rtw\/neues-von-der-hostel-baustelle-der-innenausbau-unserer-ersten-kueche\/\">in\nder K\u00fcche verbaut<\/a> hatte.<\/p>\n\n\n\n<p>H\u00fcbsch aussehen tun die Nachttische\nallemal, womit der Hauptzweck auch schon erf\u00fcllt w\u00e4re. Tja, die Schreinerei hat\nmich gepackt und so ging es auch gleich weiter mit einem kleinen Kofferst\u00e4nder,\nden ich aus selbstges\u00e4gten Holzleisten und alten aber frisch abgehobelten\nBrettchen bastelte. Auch der gefiel mir am Schluss so gut, dass ich mich nicht\nhalten konnte und auch noch ein Regal f\u00fcr die Caba\u00f1a bastelte. <\/p>\n\n\n\n<ul class=\"wp-block-gallery columns-3 is-cropped wp-block-gallery-2 is-layout-flex wp-block-gallery-is-layout-flex\"><li class=\"blocks-gallery-item\"><figure><a href=\"https:\/\/www.simons-world.at\/rtw\/wp-content\/uploads\/2019\/09\/IMG_20190812_112157081e-720x404.jpg\"><img loading=\"lazy\" decoding=\"async\" width=\"720\" height=\"404\" src=\"https:\/\/www.simons-world.at\/rtw\/wp-content\/uploads\/2019\/09\/IMG_20190812_112157081e-720x404.jpg\" alt=\"\" data-id=\"11088\" data-link=\"https:\/\/www.simons-world.at\/rtw\/?attachment_id=11088\" class=\"wp-image-11088\" srcset=\"https:\/\/www.simons-world.at\/rtw\/wp-content\/uploads\/2019\/09\/IMG_20190812_112157081e-720x404.jpg 720w, https:\/\/www.simons-world.at\/rtw\/wp-content\/uploads\/2019\/09\/IMG_20190812_112157081e-300x169.jpg 300w, https:\/\/www.simons-world.at\/rtw\/wp-content\/uploads\/2019\/09\/IMG_20190812_112157081e-768x431.jpg 768w, https:\/\/www.simons-world.at\/rtw\/wp-content\/uploads\/2019\/09\/IMG_20190812_112157081e-520x292.jpg 520w\" sizes=\"auto, (max-width: 720px) 100vw, 720px\" \/><\/a><figcaption>Nachttisch ensteht<\/figcaption><\/figure><\/li><li class=\"blocks-gallery-item\"><figure><a href=\"https:\/\/www.simons-world.at\/rtw\/wp-content\/uploads\/2019\/09\/IMG_20190812_142710238_HDR-720x405.jpg\"><img loading=\"lazy\" decoding=\"async\" width=\"720\" height=\"405\" src=\"https:\/\/www.simons-world.at\/rtw\/wp-content\/uploads\/2019\/09\/IMG_20190812_142710238_HDR-720x405.jpg\" alt=\"\" data-id=\"11089\" data-link=\"https:\/\/www.simons-world.at\/rtw\/?attachment_id=11089\" class=\"wp-image-11089\" srcset=\"https:\/\/www.simons-world.at\/rtw\/wp-content\/uploads\/2019\/09\/IMG_20190812_142710238_HDR-720x405.jpg 720w, https:\/\/www.simons-world.at\/rtw\/wp-content\/uploads\/2019\/09\/IMG_20190812_142710238_HDR-300x169.jpg 300w, https:\/\/www.simons-world.at\/rtw\/wp-content\/uploads\/2019\/09\/IMG_20190812_142710238_HDR-768x432.jpg 768w, https:\/\/www.simons-world.at\/rtw\/wp-content\/uploads\/2019\/09\/IMG_20190812_142710238_HDR-520x293.jpg 520w\" sizes=\"auto, (max-width: 720px) 100vw, 720px\" \/><\/a><figcaption>Die beiden Nachttische<\/figcaption><\/figure><\/li><li class=\"blocks-gallery-item\"><figure><a href=\"https:\/\/www.simons-world.at\/rtw\/wp-content\/uploads\/2019\/09\/IMG_20190826_132314843-720x406.jpg\"><img loading=\"lazy\" decoding=\"async\" width=\"720\" height=\"406\" src=\"https:\/\/www.simons-world.at\/rtw\/wp-content\/uploads\/2019\/09\/IMG_20190826_132314843-720x406.jpg\" alt=\"\" data-id=\"11090\" data-link=\"https:\/\/www.simons-world.at\/rtw\/?attachment_id=11090\" class=\"wp-image-11090\" srcset=\"https:\/\/www.simons-world.at\/rtw\/wp-content\/uploads\/2019\/09\/IMG_20190826_132314843-720x406.jpg 720w, https:\/\/www.simons-world.at\/rtw\/wp-content\/uploads\/2019\/09\/IMG_20190826_132314843-300x169.jpg 300w, https:\/\/www.simons-world.at\/rtw\/wp-content\/uploads\/2019\/09\/IMG_20190826_132314843-768x433.jpg 768w, https:\/\/www.simons-world.at\/rtw\/wp-content\/uploads\/2019\/09\/IMG_20190826_132314843-520x293.jpg 520w, https:\/\/www.simons-world.at\/rtw\/wp-content\/uploads\/2019\/09\/IMG_20190826_132314843.jpg 1600w\" sizes=\"auto, (max-width: 720px) 100vw, 720px\" \/><\/a><figcaption>Das unlackierte Regal<\/figcaption><\/figure><\/li><\/ul>\n\n\n\n<p>Als auch das fertig war, wurde ich\nfast schon ein wenig traurig, denn Platz f\u00fcr weitere M\u00f6bel gibt es in der Caba\u00f1a\nkeinen. Daf\u00fcr aber davor! F\u00fcr die zuk\u00fcnftige knapp 5m\u00b2 gro\u00dfe Holzveranda, waren\ndoch zumindest zwei St\u00fchle und ein Tischchen eingeplant. Wo wir zuvor eigentlich\nnoch mit dem Gedanken spielten, ein paar Ratan M\u00f6bel anzuschaffen, wollte ich\ndie Dinge nun nat\u00fcrlich selber in die Hand nehmen.<\/p>\n\n\n\n<p>Mit dem kostenlosen <a href=\"https:\/\/www.diypete.com\/how-to-build-a-double-chair-bench-with-table-free-plans\/\">Bauplan\nvon DIY Pete<\/a> als Basis, begann ich damit, eine rustikale Doppelstuhl\nSitzbank zu bauen. Das Material in unserem Lager reichte gerade so aus, um das\nM\u00f6belst\u00fcck fertigzustellen. An manchen Stellen verwendete ich aus\nMaterialmangel anderes Holz als eigentlich vorgesehen, doch das Ergebnis kann\nsich auch hier sehen lassen.<\/p>\n\n\n\n<ul class=\"wp-block-gallery columns-3 is-cropped wp-block-gallery-3 is-layout-flex wp-block-gallery-is-layout-flex\"><li class=\"blocks-gallery-item\"><figure><a href=\"https:\/\/www.simons-world.at\/rtw\/wp-content\/uploads\/2019\/09\/IMG_20190826_170659556-720x406.jpg\"><img loading=\"lazy\" decoding=\"async\" width=\"720\" height=\"406\" src=\"https:\/\/www.simons-world.at\/rtw\/wp-content\/uploads\/2019\/09\/IMG_20190826_170659556-720x406.jpg\" alt=\"\" data-id=\"11093\" data-link=\"https:\/\/www.simons-world.at\/rtw\/?attachment_id=11093\" class=\"wp-image-11093\" srcset=\"https:\/\/www.simons-world.at\/rtw\/wp-content\/uploads\/2019\/09\/IMG_20190826_170659556-720x406.jpg 720w, https:\/\/www.simons-world.at\/rtw\/wp-content\/uploads\/2019\/09\/IMG_20190826_170659556-300x169.jpg 300w, https:\/\/www.simons-world.at\/rtw\/wp-content\/uploads\/2019\/09\/IMG_20190826_170659556-768x433.jpg 768w, https:\/\/www.simons-world.at\/rtw\/wp-content\/uploads\/2019\/09\/IMG_20190826_170659556-520x293.jpg 520w\" sizes=\"auto, (max-width: 720px) 100vw, 720px\" \/><\/a><figcaption>St\u00fcck&#8230;<\/figcaption><\/figure><\/li><li class=\"blocks-gallery-item\"><figure><a href=\"https:\/\/www.simons-world.at\/rtw\/wp-content\/uploads\/2019\/09\/IMG_20190827_111046925-720x405.jpg\"><img loading=\"lazy\" decoding=\"async\" width=\"720\" height=\"405\" src=\"https:\/\/www.simons-world.at\/rtw\/wp-content\/uploads\/2019\/09\/IMG_20190827_111046925-720x405.jpg\" alt=\"\" data-id=\"11094\" data-link=\"https:\/\/www.simons-world.at\/rtw\/?attachment_id=11094\" class=\"wp-image-11094\" srcset=\"https:\/\/www.simons-world.at\/rtw\/wp-content\/uploads\/2019\/09\/IMG_20190827_111046925-720x405.jpg 720w, https:\/\/www.simons-world.at\/rtw\/wp-content\/uploads\/2019\/09\/IMG_20190827_111046925-300x169.jpg 300w, https:\/\/www.simons-world.at\/rtw\/wp-content\/uploads\/2019\/09\/IMG_20190827_111046925-768x432.jpg 768w, https:\/\/www.simons-world.at\/rtw\/wp-content\/uploads\/2019\/09\/IMG_20190827_111046925-520x293.jpg 520w\" sizes=\"auto, (max-width: 720px) 100vw, 720px\" \/><\/a><figcaption>&#8230;f\u00fcr St\u00fcck&#8230;<\/figcaption><\/figure><\/li><li class=\"blocks-gallery-item\"><figure><a href=\"https:\/\/www.simons-world.at\/rtw\/wp-content\/uploads\/2019\/09\/IMG_20190829_105527856-720x405.jpg\"><img loading=\"lazy\" decoding=\"async\" width=\"720\" height=\"405\" src=\"https:\/\/www.simons-world.at\/rtw\/wp-content\/uploads\/2019\/09\/IMG_20190829_105527856-720x405.jpg\" alt=\"\" data-id=\"11095\" data-link=\"https:\/\/www.simons-world.at\/rtw\/?attachment_id=11095\" class=\"wp-image-11095\" srcset=\"https:\/\/www.simons-world.at\/rtw\/wp-content\/uploads\/2019\/09\/IMG_20190829_105527856-720x405.jpg 720w, https:\/\/www.simons-world.at\/rtw\/wp-content\/uploads\/2019\/09\/IMG_20190829_105527856-300x169.jpg 300w, https:\/\/www.simons-world.at\/rtw\/wp-content\/uploads\/2019\/09\/IMG_20190829_105527856-768x432.jpg 768w, https:\/\/www.simons-world.at\/rtw\/wp-content\/uploads\/2019\/09\/IMG_20190829_105527856-520x293.jpg 520w\" sizes=\"auto, (max-width: 720px) 100vw, 720px\" \/><\/a><figcaption>&#8230;entsteht die Sitzbank<\/figcaption><\/figure><\/li><\/ul>\n\n\n\n<p>Wie bei allen M\u00f6belst\u00fccken war die\nVeredelung des Holzes der gr\u00f6\u00dfte Teil der Arbeit. Denn gemessen, geschnitten\nund zusammengebaut war das Zeug schnell, doch die etlichen Zwischenschritte sind\nsehr zeitaufw\u00e4ndig. Schlie\u00dflich muss das Holz geschliffen werden, auch die\nOberfr\u00e4se kam zeitweise zum Einsatz. <\/p>\n\n\n\n<p>Um das Pinienholz vor hungrigen\nSch\u00e4dlingen zu bewahren, pinsele ich zuerst immer eine gro\u00dfz\u00fcgige Schicht Pentadrin\nauf. Dann folgen meist zwei Schichten Lasur und nochmal zwei Schichten Klarlack,\num das Holz zus\u00e4tzlich vor Feuchtigkeit zu sch\u00fctzen und die Reinigung zu\nerleichtern. Mit den entsprechenden Trockenzeiten ist man da schon mal ein paar\nTage besch\u00e4ftigt.<\/p>\n\n\n\n<p>Nun fehlt nur noch ein bisschen\nKlarlack hier und da, die M\u00f6bel f\u00fcr die Caba\u00f1a sind Gro\u00dfteils fertig. Mittlerweile\nist der Verputz auch genug getrocknet, sodass ich nun damit beginnen kann, die\nW\u00e4nde zu streichen. Auch der Vorbau mit Schleppdach und Ger\u00fcst f\u00fcr die\nTerrasse, muss noch geschwei\u00dft werden. <\/p>\n\n\n\n<p>Vermutlich schon im n\u00e4chsten\nBeitrag, wird die Caba\u00f1a dann in ihrer ganzen Pracht dastehen. Ich freue mich\ndrauf, bis bald!<\/p>\n","protected":false},"excerpt":{"rendered":"<p>W\u00e4hrend ich die letzten beiden Monate haupts\u00e4chlich mit dem Bau der Caba\u00f1a besch\u00e4ftigt war, gibt und gab es immer mal wieder Zwangspausen bei der Arbeit an dem kleinen H\u00fcttchen. Wie zum Beispiel gerade jetzt, da der frische Verputz zumindest einige Wochen trocknen sollte,&#46;&#46;&#46;<\/p>\n","protected":false},"author":7,"featured_media":11091,"comment_status":"open","ping_status":"open","sticky":false,"template":"","format":"image","meta":{"ngg_post_thumbnail":0,"jetpack_post_was_ever_published":false,"_jetpack_newsletter_access":"","_jetpack_dont_email_post_to_subs":false,"_jetpack_newsletter_tier_id":0,"_jetpack_memberships_contains_paywalled_content":false,"_jetpack_memberships_contains_paid_content":false,"footnotes":"","jetpack_publicize_message":"","jetpack_publicize_feature_enabled":true,"jetpack_social_post_already_shared":true,"jetpack_social_options":{"image_generator_settings":{"template":"highway","default_image_id":0,"font":"","enabled":false},"version":2}},"categories":[1539],"tags":[1477,1608,1480,1607,1408],"class_list":["post-11082","post","type-post","status-publish","format-image","has-post-thumbnail","hentry","category-hostel","tag-bett","tag-doppelstuhl-sitzbank","tag-moebel","tag-nachttisch","tag-panama","post_format-post-format-image"],"geo":null,"yoast_head":"<!-- This site is optimized with the Yoast SEO plugin v27.5 - https:\/\/yoast.com\/product\/yoast-seo-wordpress\/ -->\n<title>Neues aus der Schreinerei: M\u00f6bel f\u00fcr die Plycem-Caba\u00f1a | Simons World<\/title>\n<meta name=\"description\" content=\"Neues aus der Schreinerei: M\u00f6bel f\u00fcr die Plycem-Caba\u00f1a\" \/>\n<meta name=\"robots\" content=\"index, follow, max-snippet:-1, max-image-preview:large, max-video-preview:-1\" \/>\n<link rel=\"canonical\" href=\"https:\/\/www.simons-world.at\/rtw\/neues-aus-der-schreinerei-moebel-fuer-die-plycem-cabana\/\" \/>\n<meta name=\"twitter:label1\" content=\"Verfasst von\" \/>\n\t<meta name=\"twitter:data1\" content=\"Simon\" \/>\n\t<meta name=\"twitter:label2\" content=\"Gesch\u00e4tzte Lesezeit\" \/>\n\t<meta name=\"twitter:data2\" content=\"5\u00a0Minuten\" \/>\n<script type=\"application\/ld+json\" class=\"yoast-schema-graph\">{\"@context\":\"https:\\\/\\\/schema.org\",\"@graph\":[{\"@type\":\"Article\",\"@id\":\"https:\\\/\\\/www.simons-world.at\\\/rtw\\\/neues-aus-der-schreinerei-moebel-fuer-die-plycem-cabana\\\/#article\",\"isPartOf\":{\"@id\":\"https:\\\/\\\/www.simons-world.at\\\/rtw\\\/neues-aus-der-schreinerei-moebel-fuer-die-plycem-cabana\\\/\"},\"author\":{\"name\":\"Simon\",\"@id\":\"https:\\\/\\\/www.simons-world.at\\\/rtw\\\/#\\\/schema\\\/person\\\/34f3ecb2e9ff749782fee13191c36495\"},\"headline\":\"Neues aus der Schreinerei: M\u00f6bel f\u00fcr die Plycem-Caba\u00f1a\",\"datePublished\":\"2019-09-02T02:41:39+00:00\",\"dateModified\":\"2019-09-02T02:41:41+00:00\",\"mainEntityOfPage\":{\"@id\":\"https:\\\/\\\/www.simons-world.at\\\/rtw\\\/neues-aus-der-schreinerei-moebel-fuer-die-plycem-cabana\\\/\"},\"wordCount\":1070,\"commentCount\":6,\"publisher\":{\"@id\":\"https:\\\/\\\/www.simons-world.at\\\/rtw\\\/#\\\/schema\\\/person\\\/34f3ecb2e9ff749782fee13191c36495\"},\"image\":{\"@id\":\"https:\\\/\\\/www.simons-world.at\\\/rtw\\\/neues-aus-der-schreinerei-moebel-fuer-die-plycem-cabana\\\/#primaryimage\"},\"thumbnailUrl\":\"https:\\\/\\\/www.simons-world.at\\\/rtw\\\/wp-content\\\/uploads\\\/2019\\\/09\\\/IMG_20190812_112157081.jpg\",\"keywords\":[\"Bett\",\"Doppelstuhl Sitzbank\",\"M\u00f6bel\",\"Nachttisch\",\"Panama\"],\"articleSection\":[\"Hostel\"],\"inLanguage\":\"de\",\"potentialAction\":[{\"@type\":\"CommentAction\",\"name\":\"Comment\",\"target\":[\"https:\\\/\\\/www.simons-world.at\\\/rtw\\\/neues-aus-der-schreinerei-moebel-fuer-die-plycem-cabana\\\/#respond\"]}]},{\"@type\":\"WebPage\",\"@id\":\"https:\\\/\\\/www.simons-world.at\\\/rtw\\\/neues-aus-der-schreinerei-moebel-fuer-die-plycem-cabana\\\/\",\"url\":\"https:\\\/\\\/www.simons-world.at\\\/rtw\\\/neues-aus-der-schreinerei-moebel-fuer-die-plycem-cabana\\\/\",\"name\":\"Neues aus der Schreinerei: M\u00f6bel f\u00fcr die Plycem-Caba\u00f1a | Simons World\",\"isPartOf\":{\"@id\":\"https:\\\/\\\/www.simons-world.at\\\/rtw\\\/#website\"},\"primaryImageOfPage\":{\"@id\":\"https:\\\/\\\/www.simons-world.at\\\/rtw\\\/neues-aus-der-schreinerei-moebel-fuer-die-plycem-cabana\\\/#primaryimage\"},\"image\":{\"@id\":\"https:\\\/\\\/www.simons-world.at\\\/rtw\\\/neues-aus-der-schreinerei-moebel-fuer-die-plycem-cabana\\\/#primaryimage\"},\"thumbnailUrl\":\"https:\\\/\\\/www.simons-world.at\\\/rtw\\\/wp-content\\\/uploads\\\/2019\\\/09\\\/IMG_20190812_112157081.jpg\",\"datePublished\":\"2019-09-02T02:41:39+00:00\",\"dateModified\":\"2019-09-02T02:41:41+00:00\",\"description\":\"Neues aus der Schreinerei: M\u00f6bel f\u00fcr die Plycem-Caba\u00f1a\",\"breadcrumb\":{\"@id\":\"https:\\\/\\\/www.simons-world.at\\\/rtw\\\/neues-aus-der-schreinerei-moebel-fuer-die-plycem-cabana\\\/#breadcrumb\"},\"inLanguage\":\"de\",\"potentialAction\":[{\"@type\":\"ReadAction\",\"target\":[\"https:\\\/\\\/www.simons-world.at\\\/rtw\\\/neues-aus-der-schreinerei-moebel-fuer-die-plycem-cabana\\\/\"]}]},{\"@type\":\"ImageObject\",\"inLanguage\":\"de\",\"@id\":\"https:\\\/\\\/www.simons-world.at\\\/rtw\\\/neues-aus-der-schreinerei-moebel-fuer-die-plycem-cabana\\\/#primaryimage\",\"url\":\"https:\\\/\\\/www.simons-world.at\\\/rtw\\\/wp-content\\\/uploads\\\/2019\\\/09\\\/IMG_20190812_112157081.jpg\",\"contentUrl\":\"https:\\\/\\\/www.simons-world.at\\\/rtw\\\/wp-content\\\/uploads\\\/2019\\\/09\\\/IMG_20190812_112157081.jpg\",\"width\":2701,\"height\":1200},{\"@type\":\"BreadcrumbList\",\"@id\":\"https:\\\/\\\/www.simons-world.at\\\/rtw\\\/neues-aus-der-schreinerei-moebel-fuer-die-plycem-cabana\\\/#breadcrumb\",\"itemListElement\":[{\"@type\":\"ListItem\",\"position\":1,\"name\":\"Home\",\"item\":\"https:\\\/\\\/www.simons-world.at\\\/rtw\\\/\"},{\"@type\":\"ListItem\",\"position\":2,\"name\":\"Leben in Panama\",\"item\":\"https:\\\/\\\/www.simons-world.at\\\/rtw\\\/category\\\/leben-in-panama\\\/\"},{\"@type\":\"ListItem\",\"position\":3,\"name\":\"Baustellen\",\"item\":\"https:\\\/\\\/www.simons-world.at\\\/rtw\\\/category\\\/leben-in-panama\\\/baustellen\\\/\"},{\"@type\":\"ListItem\",\"position\":4,\"name\":\"Hostel\",\"item\":\"https:\\\/\\\/www.simons-world.at\\\/rtw\\\/category\\\/leben-in-panama\\\/baustellen\\\/hostel\\\/\"},{\"@type\":\"ListItem\",\"position\":5,\"name\":\"Neues aus der Schreinerei: M\u00f6bel f\u00fcr die Plycem-Caba\u00f1a\"}]},{\"@type\":\"WebSite\",\"@id\":\"https:\\\/\\\/www.simons-world.at\\\/rtw\\\/#website\",\"url\":\"https:\\\/\\\/www.simons-world.at\\\/rtw\\\/\",\"name\":\"Simons World\",\"description\":\"Not just another Travel Blog\",\"publisher\":{\"@id\":\"https:\\\/\\\/www.simons-world.at\\\/rtw\\\/#\\\/schema\\\/person\\\/34f3ecb2e9ff749782fee13191c36495\"},\"potentialAction\":[{\"@type\":\"SearchAction\",\"target\":{\"@type\":\"EntryPoint\",\"urlTemplate\":\"https:\\\/\\\/www.simons-world.at\\\/rtw\\\/?s={search_term_string}\"},\"query-input\":{\"@type\":\"PropertyValueSpecification\",\"valueRequired\":true,\"valueName\":\"search_term_string\"}}],\"inLanguage\":\"de\"},{\"@type\":[\"Person\",\"Organization\"],\"@id\":\"https:\\\/\\\/www.simons-world.at\\\/rtw\\\/#\\\/schema\\\/person\\\/34f3ecb2e9ff749782fee13191c36495\",\"name\":\"Simon\",\"logo\":{\"@id\":\"https:\\\/\\\/www.simons-world.at\\\/rtw\\\/#\\\/schema\\\/person\\\/image\\\/\"},\"sameAs\":[\"http:\\\/\\\/www.simons-world.at\"]}]}<\/script>\n<!-- \/ Yoast SEO plugin. -->","yoast_head_json":{"title":"Neues aus der Schreinerei: M\u00f6bel f\u00fcr die Plycem-Caba\u00f1a | Simons World","description":"Neues aus der Schreinerei: M\u00f6bel f\u00fcr die Plycem-Caba\u00f1a","robots":{"index":"index","follow":"follow","max-snippet":"max-snippet:-1","max-image-preview":"max-image-preview:large","max-video-preview":"max-video-preview:-1"},"canonical":"https:\/\/www.simons-world.at\/rtw\/neues-aus-der-schreinerei-moebel-fuer-die-plycem-cabana\/","twitter_misc":{"Verfasst von":"Simon","Gesch\u00e4tzte Lesezeit":"5\u00a0Minuten"},"schema":{"@context":"https:\/\/schema.org","@graph":[{"@type":"Article","@id":"https:\/\/www.simons-world.at\/rtw\/neues-aus-der-schreinerei-moebel-fuer-die-plycem-cabana\/#article","isPartOf":{"@id":"https:\/\/www.simons-world.at\/rtw\/neues-aus-der-schreinerei-moebel-fuer-die-plycem-cabana\/"},"author":{"name":"Simon","@id":"https:\/\/www.simons-world.at\/rtw\/#\/schema\/person\/34f3ecb2e9ff749782fee13191c36495"},"headline":"Neues aus der Schreinerei: M\u00f6bel f\u00fcr die Plycem-Caba\u00f1a","datePublished":"2019-09-02T02:41:39+00:00","dateModified":"2019-09-02T02:41:41+00:00","mainEntityOfPage":{"@id":"https:\/\/www.simons-world.at\/rtw\/neues-aus-der-schreinerei-moebel-fuer-die-plycem-cabana\/"},"wordCount":1070,"commentCount":6,"publisher":{"@id":"https:\/\/www.simons-world.at\/rtw\/#\/schema\/person\/34f3ecb2e9ff749782fee13191c36495"},"image":{"@id":"https:\/\/www.simons-world.at\/rtw\/neues-aus-der-schreinerei-moebel-fuer-die-plycem-cabana\/#primaryimage"},"thumbnailUrl":"https:\/\/www.simons-world.at\/rtw\/wp-content\/uploads\/2019\/09\/IMG_20190812_112157081.jpg","keywords":["Bett","Doppelstuhl Sitzbank","M\u00f6bel","Nachttisch","Panama"],"articleSection":["Hostel"],"inLanguage":"de","potentialAction":[{"@type":"CommentAction","name":"Comment","target":["https:\/\/www.simons-world.at\/rtw\/neues-aus-der-schreinerei-moebel-fuer-die-plycem-cabana\/#respond"]}]},{"@type":"WebPage","@id":"https:\/\/www.simons-world.at\/rtw\/neues-aus-der-schreinerei-moebel-fuer-die-plycem-cabana\/","url":"https:\/\/www.simons-world.at\/rtw\/neues-aus-der-schreinerei-moebel-fuer-die-plycem-cabana\/","name":"Neues aus der Schreinerei: M\u00f6bel f\u00fcr die Plycem-Caba\u00f1a | Simons World","isPartOf":{"@id":"https:\/\/www.simons-world.at\/rtw\/#website"},"primaryImageOfPage":{"@id":"https:\/\/www.simons-world.at\/rtw\/neues-aus-der-schreinerei-moebel-fuer-die-plycem-cabana\/#primaryimage"},"image":{"@id":"https:\/\/www.simons-world.at\/rtw\/neues-aus-der-schreinerei-moebel-fuer-die-plycem-cabana\/#primaryimage"},"thumbnailUrl":"https:\/\/www.simons-world.at\/rtw\/wp-content\/uploads\/2019\/09\/IMG_20190812_112157081.jpg","datePublished":"2019-09-02T02:41:39+00:00","dateModified":"2019-09-02T02:41:41+00:00","description":"Neues aus der Schreinerei: M\u00f6bel f\u00fcr die Plycem-Caba\u00f1a","breadcrumb":{"@id":"https:\/\/www.simons-world.at\/rtw\/neues-aus-der-schreinerei-moebel-fuer-die-plycem-cabana\/#breadcrumb"},"inLanguage":"de","potentialAction":[{"@type":"ReadAction","target":["https:\/\/www.simons-world.at\/rtw\/neues-aus-der-schreinerei-moebel-fuer-die-plycem-cabana\/"]}]},{"@type":"ImageObject","inLanguage":"de","@id":"https:\/\/www.simons-world.at\/rtw\/neues-aus-der-schreinerei-moebel-fuer-die-plycem-cabana\/#primaryimage","url":"https:\/\/www.simons-world.at\/rtw\/wp-content\/uploads\/2019\/09\/IMG_20190812_112157081.jpg","contentUrl":"https:\/\/www.simons-world.at\/rtw\/wp-content\/uploads\/2019\/09\/IMG_20190812_112157081.jpg","width":2701,"height":1200},{"@type":"BreadcrumbList","@id":"https:\/\/www.simons-world.at\/rtw\/neues-aus-der-schreinerei-moebel-fuer-die-plycem-cabana\/#breadcrumb","itemListElement":[{"@type":"ListItem","position":1,"name":"Home","item":"https:\/\/www.simons-world.at\/rtw\/"},{"@type":"ListItem","position":2,"name":"Leben in Panama","item":"https:\/\/www.simons-world.at\/rtw\/category\/leben-in-panama\/"},{"@type":"ListItem","position":3,"name":"Baustellen","item":"https:\/\/www.simons-world.at\/rtw\/category\/leben-in-panama\/baustellen\/"},{"@type":"ListItem","position":4,"name":"Hostel","item":"https:\/\/www.simons-world.at\/rtw\/category\/leben-in-panama\/baustellen\/hostel\/"},{"@type":"ListItem","position":5,"name":"Neues aus der Schreinerei: M\u00f6bel f\u00fcr die Plycem-Caba\u00f1a"}]},{"@type":"WebSite","@id":"https:\/\/www.simons-world.at\/rtw\/#website","url":"https:\/\/www.simons-world.at\/rtw\/","name":"Simons World","description":"Not just another Travel Blog","publisher":{"@id":"https:\/\/www.simons-world.at\/rtw\/#\/schema\/person\/34f3ecb2e9ff749782fee13191c36495"},"potentialAction":[{"@type":"SearchAction","target":{"@type":"EntryPoint","urlTemplate":"https:\/\/www.simons-world.at\/rtw\/?s={search_term_string}"},"query-input":{"@type":"PropertyValueSpecification","valueRequired":true,"valueName":"search_term_string"}}],"inLanguage":"de"},{"@type":["Person","Organization"],"@id":"https:\/\/www.simons-world.at\/rtw\/#\/schema\/person\/34f3ecb2e9ff749782fee13191c36495","name":"Simon","logo":{"@id":"https:\/\/www.simons-world.at\/rtw\/#\/schema\/person\/image\/"},"sameAs":["http:\/\/www.simons-world.at"]}]}},"jetpack_publicize_connections":[],"jetpack_featured_media_url":"https:\/\/www.simons-world.at\/rtw\/wp-content\/uploads\/2019\/09\/IMG_20190812_112157081.jpg","jetpack_sharing_enabled":true,"_links":{"self":[{"href":"https:\/\/www.simons-world.at\/rtw\/wp-json\/wp\/v2\/posts\/11082","targetHints":{"allow":["GET"]}}],"collection":[{"href":"https:\/\/www.simons-world.at\/rtw\/wp-json\/wp\/v2\/posts"}],"about":[{"href":"https:\/\/www.simons-world.at\/rtw\/wp-json\/wp\/v2\/types\/post"}],"author":[{"embeddable":true,"href":"https:\/\/www.simons-world.at\/rtw\/wp-json\/wp\/v2\/users\/7"}],"replies":[{"embeddable":true,"href":"https:\/\/www.simons-world.at\/rtw\/wp-json\/wp\/v2\/comments?post=11082"}],"version-history":[{"count":2,"href":"https:\/\/www.simons-world.at\/rtw\/wp-json\/wp\/v2\/posts\/11082\/revisions"}],"predecessor-version":[{"id":11096,"href":"https:\/\/www.simons-world.at\/rtw\/wp-json\/wp\/v2\/posts\/11082\/revisions\/11096"}],"wp:featuredmedia":[{"embeddable":true,"href":"https:\/\/www.simons-world.at\/rtw\/wp-json\/wp\/v2\/media\/11091"}],"wp:attachment":[{"href":"https:\/\/www.simons-world.at\/rtw\/wp-json\/wp\/v2\/media?parent=11082"}],"wp:term":[{"taxonomy":"category","embeddable":true,"href":"https:\/\/www.simons-world.at\/rtw\/wp-json\/wp\/v2\/categories?post=11082"},{"taxonomy":"post_tag","embeddable":true,"href":"https:\/\/www.simons-world.at\/rtw\/wp-json\/wp\/v2\/tags?post=11082"}],"curies":[{"name":"wp","href":"https:\/\/api.w.org\/{rel}","templated":true}]}}